{"id":982,"date":"2017-03-14T13:24:49","date_gmt":"2017-03-14T16:24:49","guid":{"rendered":"http:\/\/rodamundo.tur.br\/blog\/?p=982"},"modified":"2017-03-14T13:24:49","modified_gmt":"2017-03-14T16:24:49","slug":"st-patricks-day-conheca-festa-mais-esperada-pelos-irlandeses","status":"publish","type":"post","link":"https:\/\/www.rodamundo.tur.br\/blog\/st-patricks-day-conheca-festa-mais-esperada-pelos-irlandeses\/","title":{"rendered":"St. Patrick\u2019s Day <br> conhe\u00e7a a festa mais esperada pelos irlandeses"},"content":{"rendered":"<p><strong>St. Patrick\u2019s Day<\/strong> ou Dia de S\u00e3o Patr\u00edcio, em portugu\u00eas, \u00e9 um tradicional feriado irland\u00eas comemorado no dia 17 de mar\u00e7o. A data \u00e9 uma homenagem a S\u00e3o Patr\u00edcio, santo padroeiro da <strong>Irlanda<\/strong>, e \u00e9 comemorada em v\u00e1rios pa\u00edses de l\u00edngua inglesa, principalmente na Ilha Esmeralda, onde os irlandeses costumam se vestir de verde para aproveitar as festividades, sempre regadas a boa m\u00fasica e cerveja.<\/p>\n<p>Quer saber mais sobre esse feriado t\u00e3o querido da <strong>Irlanda<\/strong>? D\u00e1 uma olhadinha neste post e confira um pouco da hist\u00f3ria e como voc\u00ea pode comemorar esta festa t\u00e3o divertida quando embarcar para a Terra dos Leprechauns!<\/p>\n<p><iframe loading=\"lazy\" title=\"St Patrick&#039;s Day - Roda Mundo Interc\u00e2mbio\" width=\"696\" height=\"392\" src=\"https:\/\/www.youtube.com\/embed\/zAU8vMd1w_o?feature=oembed\" frameborder=\"0\" allow=\"accelerometer; autoplay; encrypted-media; gyroscope; picture-in-picture\" allowfullscreen><\/iframe><\/p>\n<h2><strong>Quando surgiu o St. Patrick\u2019s Day?<\/strong><\/h2>\n<figure id=\"attachment_983\" aria-describedby=\"caption-attachment-983\" style=\"width: 4896px\" class=\"wp-caption alignnone\"><img loading=\"lazy\" class=\"wp-image-983 size-full\" src=\"https:\/\/rodamundo.tur.br\/blog\/wp-content\/uploads\/2017\/03\/como-surgiu-st-patricks-day-roda-mundo-intercambio.jpg\" alt=\"O St. Patrick's Day \u00e9 comemorado no dia 17 de mar\u00e7o.\" width=\"4896\" height=\"3264\" srcset=\"https:\/\/www.rodamundo.tur.br\/blog\/wp-content\/uploads\/2017\/03\/como-surgiu-st-patricks-day-roda-mundo-intercambio.jpg 4896w, https:\/\/www.rodamundo.tur.br\/blog\/wp-content\/uploads\/2017\/03\/como-surgiu-st-patricks-day-roda-mundo-intercambio-300x200.jpg 300w, https:\/\/www.rodamundo.tur.br\/blog\/wp-content\/uploads\/2017\/03\/como-surgiu-st-patricks-day-roda-mundo-intercambio-768x512.jpg 768w, https:\/\/www.rodamundo.tur.br\/blog\/wp-content\/uploads\/2017\/03\/como-surgiu-st-patricks-day-roda-mundo-intercambio-1024x683.jpg 1024w, https:\/\/www.rodamundo.tur.br\/blog\/wp-content\/uploads\/2017\/03\/como-surgiu-st-patricks-day-roda-mundo-intercambio-696x464.jpg 696w, https:\/\/www.rodamundo.tur.br\/blog\/wp-content\/uploads\/2017\/03\/como-surgiu-st-patricks-day-roda-mundo-intercambio-1068x712.jpg 1068w, https:\/\/www.rodamundo.tur.br\/blog\/wp-content\/uploads\/2017\/03\/como-surgiu-st-patricks-day-roda-mundo-intercambio-630x420.jpg 630w\" sizes=\"(max-width: 4896px) 100vw, 4896px\" \/><figcaption id=\"caption-attachment-983\" class=\"wp-caption-text\">O feriado de St. Patrick&#8217;s Day \u00e9 comemorado no dia 17 de mar\u00e7o.<\/figcaption><\/figure>\n<p>Enquanto no Brasil um dos maiores feriados tradicionais \u00e9 o carnaval, que para o pa\u00eds inteiro durante quatro dias, na Irlanda a comemora\u00e7\u00e3o mais esperada \u00e9 o St. Patrick\u2019s Day.<\/p>\n<p>O feriado surgiu devido a <strong>S\u00e3o Patr\u00edcio<\/strong>, um homem nascido na Gr\u00e3-Bretanha que foi capturado e feito de escravo na Irlanda. Ap\u00f3s conseguir se libertar, Patr\u00edcio ingressou para a vida religiosa e, tempos depois, retornou \u00e0 <strong>Irlanda<\/strong> para evangelizar as pessoas.<\/p>\n<p>Em 17 de mar\u00e7o de 1996 foi celebrado o primeiro <strong>St. Patrick\u2019s Festival<\/strong>, que a partir de 2006 passou a ter dura\u00e7\u00e3o de cinco dias. Desde ent\u00e3o, os irlandeses saem pelas ruas fantasiados para aproveitar os desfiles, shows e pubs.<\/p>\n<h2><strong>O trevo de tr\u00eas folhas<\/strong><\/h2>\n<figure id=\"attachment_984\" aria-describedby=\"caption-attachment-984\" style=\"width: 3872px\" class=\"wp-caption alignnone\"><img loading=\"lazy\" class=\"wp-image-984 size-full\" src=\"https:\/\/rodamundo.tur.br\/blog\/wp-content\/uploads\/2017\/03\/irish-child-st-patrick-s-day-shamrock-roda-mundo-intercambio.jpg\" alt=\"\" width=\"3872\" height=\"2592\" srcset=\"https:\/\/www.rodamundo.tur.br\/blog\/wp-content\/uploads\/2017\/03\/irish-child-st-patrick-s-day-shamrock-roda-mundo-intercambio.jpg 3872w, https:\/\/www.rodamundo.tur.br\/blog\/wp-content\/uploads\/2017\/03\/irish-child-st-patrick-s-day-shamrock-roda-mundo-intercambio-300x201.jpg 300w, https:\/\/www.rodamundo.tur.br\/blog\/wp-content\/uploads\/2017\/03\/irish-child-st-patrick-s-day-shamrock-roda-mundo-intercambio-768x514.jpg 768w, https:\/\/www.rodamundo.tur.br\/blog\/wp-content\/uploads\/2017\/03\/irish-child-st-patrick-s-day-shamrock-roda-mundo-intercambio-1024x685.jpg 1024w, https:\/\/www.rodamundo.tur.br\/blog\/wp-content\/uploads\/2017\/03\/irish-child-st-patrick-s-day-shamrock-roda-mundo-intercambio-696x466.jpg 696w, https:\/\/www.rodamundo.tur.br\/blog\/wp-content\/uploads\/2017\/03\/irish-child-st-patrick-s-day-shamrock-roda-mundo-intercambio-1068x715.jpg 1068w, https:\/\/www.rodamundo.tur.br\/blog\/wp-content\/uploads\/2017\/03\/irish-child-st-patrick-s-day-shamrock-roda-mundo-intercambio-627x420.jpg 627w\" sizes=\"(max-width: 3872px) 100vw, 3872px\" \/><figcaption id=\"caption-attachment-984\" class=\"wp-caption-text\">St. Patrick utilizava o trevo como uma representa\u00e7\u00e3o da Sant\u00edssima Trindade, uma das cren\u00e7as do catolicismo.<\/figcaption><\/figure>\n<p>Um dos s\u00edmbolos mais comuns associados ao St. Patrick\u2019s Day e at\u00e9 mesmo aos pr\u00f3prios irlandeses \u00e9 o <strong>trevo de tr\u00eas folhas<\/strong>, comumente visto como um amuleto de sorte.<\/p>\n<p>Segundo a tradi\u00e7\u00e3o irlandesa, St. Patrick utilizava o trevo como uma representa\u00e7\u00e3o da Sant\u00edssima Trindade (Pai, Filho e Esp\u00edrito Santo), uma das cren\u00e7as do catolicismo e, tempos depois, tornou-se um dos s\u00edmbolos do pa\u00eds.<\/p>\n<p>Outros s\u00edmbolos bem caracter\u00edsticos dessa comemora\u00e7\u00e3o s\u00e3o os gnomos e os leprechauns, comumente associados ao povo irland\u00eas.<\/p>\n<h2><strong>Comemore o St. Patrick\u2019s Day como um irland\u00eas<\/strong><\/h2>\n<figure id=\"attachment_985\" aria-describedby=\"caption-attachment-985\" style=\"width: 2592px\" class=\"wp-caption alignnone\"><img loading=\"lazy\" class=\"wp-image-985 size-full\" src=\"https:\/\/rodamundo.tur.br\/blog\/wp-content\/uploads\/2017\/03\/celebration-st-patricks-day-roda-mundo-intercambio.jpg\" alt=\"\" width=\"2592\" height=\"1571\" srcset=\"https:\/\/www.rodamundo.tur.br\/blog\/wp-content\/uploads\/2017\/03\/celebration-st-patricks-day-roda-mundo-intercambio.jpg 2592w, https:\/\/www.rodamundo.tur.br\/blog\/wp-content\/uploads\/2017\/03\/celebration-st-patricks-day-roda-mundo-intercambio-300x182.jpg 300w, https:\/\/www.rodamundo.tur.br\/blog\/wp-content\/uploads\/2017\/03\/celebration-st-patricks-day-roda-mundo-intercambio-768x465.jpg 768w, https:\/\/www.rodamundo.tur.br\/blog\/wp-content\/uploads\/2017\/03\/celebration-st-patricks-day-roda-mundo-intercambio-1024x621.jpg 1024w, https:\/\/www.rodamundo.tur.br\/blog\/wp-content\/uploads\/2017\/03\/celebration-st-patricks-day-roda-mundo-intercambio-696x422.jpg 696w, https:\/\/www.rodamundo.tur.br\/blog\/wp-content\/uploads\/2017\/03\/celebration-st-patricks-day-roda-mundo-intercambio-1068x647.jpg 1068w, https:\/\/www.rodamundo.tur.br\/blog\/wp-content\/uploads\/2017\/03\/celebration-st-patricks-day-roda-mundo-intercambio-693x420.jpg 693w\" sizes=\"(max-width: 2592px) 100vw, 2592px\" \/><figcaption id=\"caption-attachment-985\" class=\"wp-caption-text\">As ruas ficam cheias nos dias da festa de St. Patrick.<\/figcaption><\/figure>\n<p>Apesar de toda a beleza das ruas durante os dias da festa de St. Patrick, \u00e9 \u00e0 noite que os mais jovens gostam de aproveitar o feriado. Diversos pubs costumam organizar uma programa\u00e7\u00e3o exclusiva para o m\u00eas de mar\u00e7o, com direito a lindas decora\u00e7\u00f5es, muita m\u00fasica e v\u00e1rias <strong>pints de Guinness<\/strong>.<\/p>\n<p>Al\u00e9m da j\u00e1 conhecida cerveja e do whiskey, os irlandeses costumam tomar uma bebida bem tradicional nessa \u00e9poca do ano, o <strong>chopp verde<\/strong>, que foi criado exclusivamente para esta data.<\/p>\n<figure id=\"attachment_986\" aria-describedby=\"caption-attachment-986\" style=\"width: 4199px\" class=\"wp-caption alignnone\"><img loading=\"lazy\" class=\"wp-image-986 size-full\" src=\"https:\/\/rodamundo.tur.br\/blog\/wp-content\/uploads\/2017\/03\/green-pint-ireland-st-patricks-day-roda-mundo-intercambio.jpg\" alt=\"\" width=\"4199\" height=\"4163\" srcset=\"https:\/\/www.rodamundo.tur.br\/blog\/wp-content\/uploads\/2017\/03\/green-pint-ireland-st-patricks-day-roda-mundo-intercambio.jpg 4199w, https:\/\/www.rodamundo.tur.br\/blog\/wp-content\/uploads\/2017\/03\/green-pint-ireland-st-patricks-day-roda-mundo-intercambio-150x150.jpg 150w, https:\/\/www.rodamundo.tur.br\/blog\/wp-content\/uploads\/2017\/03\/green-pint-ireland-st-patricks-day-roda-mundo-intercambio-300x297.jpg 300w, https:\/\/www.rodamundo.tur.br\/blog\/wp-content\/uploads\/2017\/03\/green-pint-ireland-st-patricks-day-roda-mundo-intercambio-768x761.jpg 768w, https:\/\/www.rodamundo.tur.br\/blog\/wp-content\/uploads\/2017\/03\/green-pint-ireland-st-patricks-day-roda-mundo-intercambio-1024x1015.jpg 1024w, https:\/\/www.rodamundo.tur.br\/blog\/wp-content\/uploads\/2017\/03\/green-pint-ireland-st-patricks-day-roda-mundo-intercambio-696x690.jpg 696w, https:\/\/www.rodamundo.tur.br\/blog\/wp-content\/uploads\/2017\/03\/green-pint-ireland-st-patricks-day-roda-mundo-intercambio-1068x1059.jpg 1068w, https:\/\/www.rodamundo.tur.br\/blog\/wp-content\/uploads\/2017\/03\/green-pint-ireland-st-patricks-day-roda-mundo-intercambio-424x420.jpg 424w\" sizes=\"(max-width: 4199px) 100vw, 4199px\" \/><figcaption id=\"caption-attachment-986\" class=\"wp-caption-text\">O chopp verde \u00e9 uma das bebidas tradicionais de St. Patrick&#8217;s Day.<\/figcaption><\/figure>\n<p>Em pa\u00edses com muitos imigrantes europeus, como <strong>Canad\u00e1<\/strong>, <strong>Austr\u00e1lia<\/strong> e <strong>Estados Unidos<\/strong> o <strong>St. Patrick\u2019s Day<\/strong> passou a ser comemorado oficialmente. Inclusive, v\u00e1rios pontos tur\u00edsticos ganham a colora\u00e7\u00e3o verde como uma homenagem ao santo.<\/p>\n<p>Nos \u00faltimos anos, o Brasil tamb\u00e9m se juntou \u00e0 festa, e v\u00e1rios pubs por aqui t\u00eam feito eventos para comemorar o feriado. Que tal aproveitar para curtir um destes lugares enquanto n\u00e3o embarca para a terra de St. Patrick?<\/p>\n<p><strong>Gostou do post? Deixe seu coment\u00e1rio!<\/strong><\/p>\n<h2><strong>Voc\u00ea tamb\u00e9m vai gostar:<\/strong><\/h2>\n<ul>\n<li>\n<h2><strong><span style=\"color: #ffcc00;\"><a style=\"color: #ffcc00;\" href=\"https:\/\/rodamundo.tur.br\/blog\/a-grande-fome-na-irlanda\/\">A Grande Fome na Irlanda<\/a><\/span><\/strong><\/h2>\n<\/li>\n<li>\n<h2><strong><span style=\"color: #ffcc00;\"><a style=\"color: #ffcc00;\" href=\"https:\/\/rodamundo.tur.br\/blog\/7-passeios-imperdiveis-em-dublin-na-irlanda\/\">7 passeios culturais imperd\u00edveis em Dublin<\/a><\/span><\/strong><\/h2>\n<\/li>\n<li>\n<h2><span style=\"color: #ffcc00;\"><strong><a style=\"color: #ffcc00;\" href=\"https:\/\/www.rodamundo.tur.br\/paises-idiomas\/intercambio-na-irlanda\/\">Destinos para seu interc\u00e2mbio na Irlanda<\/a><\/strong><\/span><\/h2>\n<\/li>\n<\/ul>\n","protected":false},"excerpt":{"rendered":"<p>St. Patrick\u2019s Day ou Dia de S\u00e3o Patr\u00edcio, em portugu\u00eas, \u00e9 um tradicional feriado irland\u00eas comemorado no dia 17 de mar\u00e7o. A data \u00e9 uma homenagem a S\u00e3o Patr\u00edcio, santo padroeiro da Irlanda, e \u00e9 comemorada em v\u00e1rios pa\u00edses de l\u00edngua inglesa, principalmente na Ilha Esmeralda, onde os irlandeses costumam se vestir de verde para [&hellip;]<\/p>\n","protected":false},"author":1,"featured_media":987,"comment_status":"open","ping_status":"open","sticky":false,"template":"","format":"standard","meta":[],"categories":[14,17,80,13,7],"tags":[72,174,95,190,96],"yoast_head":"<!-- This site is optimized with the Yoast SEO plugin v19.2 - https:\/\/yoast.com\/wordpress\/plugins\/seo\/ -->\n<title>St. Patrick\u2019s Day  conhe\u00e7a a festa mais esperada pelos irlandeses<\/title>\n<meta name=\"description\" content=\"St. Patrick&#039;s Day \u00e9 um tradicional feriado irland\u00eas comemorado no dia 17 de mar\u00e7o. A data \u00e9 uma homenagem a S\u00e3o Patr\u00edcio, santo padroeiro da Irlanda.\" \/>\n<meta name=\"robots\" content=\"index, follow, max-snippet:-1, max-image-preview:large, max-video-preview:-1\" \/>\n<link rel=\"canonical\" href=\"https:\/\/www.rodamundo.tur.br\/blog\/st-patricks-day-conheca-festa-mais-esperada-pelos-irlandeses\/\" \/>\n<meta property=\"og:locale\" content=\"pt_BR\" \/>\n<meta property=\"og:type\" content=\"article\" \/>\n<meta property=\"og:title\" content=\"St. Patrick\u2019s Day  conhe\u00e7a a festa mais esperada pelos irlandeses\" \/>\n<meta property=\"og:description\" content=\"St. Patrick&#039;s Day \u00e9 um tradicional feriado irland\u00eas comemorado no dia 17 de mar\u00e7o. A data \u00e9 uma homenagem a S\u00e3o Patr\u00edcio, santo padroeiro da Irlanda.\" \/>\n<meta property=\"og:url\" content=\"https:\/\/www.rodamundo.tur.br\/blog\/st-patricks-day-conheca-festa-mais-esperada-pelos-irlandeses\/\" \/>\n<meta property=\"og:site_name\" content=\"Roda Mundo\" \/>\n<meta property=\"article:published_time\" content=\"2017-03-14T16:24:49+00:00\" \/>\n<meta property=\"og:image\" content=\"https:\/\/www.rodamundo.tur.br\/blog\/wp-content\/uploads\/2017\/03\/parade-st-patricks-day-roda-mundo-intercambio-1024x683.jpg\" \/>\n\t<meta property=\"og:image:width\" content=\"1024\" \/>\n\t<meta property=\"og:image:height\" content=\"683\" \/>\n\t<meta property=\"og:image:type\" content=\"image\/jpeg\" \/>\n<meta name=\"author\" content=\"Roda Mundo\" \/>\n<meta name=\"twitter:card\" content=\"summary\" \/>\n<meta name=\"twitter:label1\" content=\"Escrito por\" \/>\n\t<meta name=\"twitter:data1\" content=\"Roda Mundo\" \/>\n\t<meta name=\"twitter:label2\" content=\"Est. tempo de leitura\" \/>\n\t<meta name=\"twitter:data2\" content=\"3 minutos\" \/>\n<script type=\"application\/ld+json\" class=\"yoast-schema-graph\">{\"@context\":\"https:\/\/schema.org\",\"@graph\":[{\"@type\":\"WebSite\",\"@id\":\"https:\/\/www.rodamundo.tur.br\/blog\/#website\",\"url\":\"https:\/\/www.rodamundo.tur.br\/blog\/\",\"name\":\"Roda Mundo\",\"description\":\"Operadora de Interc\u00e2mbio e Viagens\",\"potentialAction\":[{\"@type\":\"SearchAction\",\"target\":{\"@type\":\"EntryPoint\",\"urlTemplate\":\"https:\/\/www.rodamundo.tur.br\/blog\/?s={search_term_string}\"},\"query-input\":\"required name=search_term_string\"}],\"inLanguage\":\"pt-BR\"},{\"@type\":\"ImageObject\",\"inLanguage\":\"pt-BR\",\"@id\":\"https:\/\/www.rodamundo.tur.br\/blog\/st-patricks-day-conheca-festa-mais-esperada-pelos-irlandeses\/#primaryimage\",\"url\":\"https:\/\/www.rodamundo.tur.br\/blog\/wp-content\/uploads\/2017\/03\/parade-st-patricks-day-roda-mundo-intercambio.jpg\",\"contentUrl\":\"https:\/\/www.rodamundo.tur.br\/blog\/wp-content\/uploads\/2017\/03\/parade-st-patricks-day-roda-mundo-intercambio.jpg\",\"width\":4272,\"height\":2848},{\"@type\":\"WebPage\",\"@id\":\"https:\/\/www.rodamundo.tur.br\/blog\/st-patricks-day-conheca-festa-mais-esperada-pelos-irlandeses\/#webpage\",\"url\":\"https:\/\/www.rodamundo.tur.br\/blog\/st-patricks-day-conheca-festa-mais-esperada-pelos-irlandeses\/\",\"name\":\"St. Patrick\u2019s Day conhe\u00e7a a festa mais esperada pelos irlandeses\",\"isPartOf\":{\"@id\":\"https:\/\/www.rodamundo.tur.br\/blog\/#website\"},\"primaryImageOfPage\":{\"@id\":\"https:\/\/www.rodamundo.tur.br\/blog\/st-patricks-day-conheca-festa-mais-esperada-pelos-irlandeses\/#primaryimage\"},\"datePublished\":\"2017-03-14T16:24:49+00:00\",\"dateModified\":\"2017-03-14T16:24:49+00:00\",\"author\":{\"@id\":\"https:\/\/www.rodamundo.tur.br\/blog\/#\/schema\/person\/87c288a1d9b04ee0a2ea2696554db958\"},\"description\":\"St. Patrick's Day \u00e9 um tradicional feriado irland\u00eas comemorado no dia 17 de mar\u00e7o. A data \u00e9 uma homenagem a S\u00e3o Patr\u00edcio, santo padroeiro da Irlanda.\",\"breadcrumb\":{\"@id\":\"https:\/\/www.rodamundo.tur.br\/blog\/st-patricks-day-conheca-festa-mais-esperada-pelos-irlandeses\/#breadcrumb\"},\"inLanguage\":\"pt-BR\",\"potentialAction\":[{\"@type\":\"ReadAction\",\"target\":[\"https:\/\/www.rodamundo.tur.br\/blog\/st-patricks-day-conheca-festa-mais-esperada-pelos-irlandeses\/\"]}]},{\"@type\":\"BreadcrumbList\",\"@id\":\"https:\/\/www.rodamundo.tur.br\/blog\/st-patricks-day-conheca-festa-mais-esperada-pelos-irlandeses\/#breadcrumb\",\"itemListElement\":[{\"@type\":\"ListItem\",\"position\":1,\"name\":\"Home\",\"item\":\"https:\/\/www.rodamundo.tur.br\/blog\/\"},{\"@type\":\"ListItem\",\"position\":2,\"name\":\"St. Patrick\u2019s Day conhe\u00e7a a festa mais esperada pelos irlandeses\"}]},{\"@type\":\"Person\",\"@id\":\"https:\/\/www.rodamundo.tur.br\/blog\/#\/schema\/person\/87c288a1d9b04ee0a2ea2696554db958\",\"name\":\"Roda Mundo\",\"image\":{\"@type\":\"ImageObject\",\"inLanguage\":\"pt-BR\",\"@id\":\"https:\/\/www.rodamundo.tur.br\/blog\/#\/schema\/person\/image\/\",\"url\":\"https:\/\/secure.gravatar.com\/avatar\/4089cc054dfae87bd342769577008451?s=96&d=mm&r=g\",\"contentUrl\":\"https:\/\/secure.gravatar.com\/avatar\/4089cc054dfae87bd342769577008451?s=96&d=mm&r=g\",\"caption\":\"Roda Mundo\"},\"sameAs\":[\"https:\/\/www.rodamundo.tur.br\"],\"url\":\"https:\/\/www.rodamundo.tur.br\/blog\/author\/admin\/\"}]}<\/script>\n<!-- \/ Yoast SEO plugin. -->","yoast_head_json":{"title":"St. Patrick\u2019s Day  conhe\u00e7a a festa mais esperada pelos irlandeses","description":"St. Patrick's Day \u00e9 um tradicional feriado irland\u00eas comemorado no dia 17 de mar\u00e7o. A data \u00e9 uma homenagem a S\u00e3o Patr\u00edcio, santo padroeiro da Irlanda.","robots":{"index":"index","follow":"follow","max-snippet":"max-snippet:-1","max-image-preview":"max-image-preview:large","max-video-preview":"max-video-preview:-1"},"canonical":"https:\/\/www.rodamundo.tur.br\/blog\/st-patricks-day-conheca-festa-mais-esperada-pelos-irlandeses\/","og_locale":"pt_BR","og_type":"article","og_title":"St. Patrick\u2019s Day  conhe\u00e7a a festa mais esperada pelos irlandeses","og_description":"St. Patrick's Day \u00e9 um tradicional feriado irland\u00eas comemorado no dia 17 de mar\u00e7o. A data \u00e9 uma homenagem a S\u00e3o Patr\u00edcio, santo padroeiro da Irlanda.","og_url":"https:\/\/www.rodamundo.tur.br\/blog\/st-patricks-day-conheca-festa-mais-esperada-pelos-irlandeses\/","og_site_name":"Roda Mundo","article_published_time":"2017-03-14T16:24:49+00:00","og_image":[{"width":1024,"height":683,"url":"https:\/\/www.rodamundo.tur.br\/blog\/wp-content\/uploads\/2017\/03\/parade-st-patricks-day-roda-mundo-intercambio-1024x683.jpg","type":"image\/jpeg"}],"author":"Roda Mundo","twitter_card":"summary","twitter_misc":{"Escrito por":"Roda Mundo","Est. tempo de leitura":"3 minutos"},"schema":{"@context":"https:\/\/schema.org","@graph":[{"@type":"WebSite","@id":"https:\/\/www.rodamundo.tur.br\/blog\/#website","url":"https:\/\/www.rodamundo.tur.br\/blog\/","name":"Roda Mundo","description":"Operadora de Interc\u00e2mbio e Viagens","potentialAction":[{"@type":"SearchAction","target":{"@type":"EntryPoint","urlTemplate":"https:\/\/www.rodamundo.tur.br\/blog\/?s={search_term_string}"},"query-input":"required name=search_term_string"}],"inLanguage":"pt-BR"},{"@type":"ImageObject","inLanguage":"pt-BR","@id":"https:\/\/www.rodamundo.tur.br\/blog\/st-patricks-day-conheca-festa-mais-esperada-pelos-irlandeses\/#primaryimage","url":"https:\/\/www.rodamundo.tur.br\/blog\/wp-content\/uploads\/2017\/03\/parade-st-patricks-day-roda-mundo-intercambio.jpg","contentUrl":"https:\/\/www.rodamundo.tur.br\/blog\/wp-content\/uploads\/2017\/03\/parade-st-patricks-day-roda-mundo-intercambio.jpg","width":4272,"height":2848},{"@type":"WebPage","@id":"https:\/\/www.rodamundo.tur.br\/blog\/st-patricks-day-conheca-festa-mais-esperada-pelos-irlandeses\/#webpage","url":"https:\/\/www.rodamundo.tur.br\/blog\/st-patricks-day-conheca-festa-mais-esperada-pelos-irlandeses\/","name":"St. Patrick\u2019s Day conhe\u00e7a a festa mais esperada pelos irlandeses","isPartOf":{"@id":"https:\/\/www.rodamundo.tur.br\/blog\/#website"},"primaryImageOfPage":{"@id":"https:\/\/www.rodamundo.tur.br\/blog\/st-patricks-day-conheca-festa-mais-esperada-pelos-irlandeses\/#primaryimage"},"datePublished":"2017-03-14T16:24:49+00:00","dateModified":"2017-03-14T16:24:49+00:00","author":{"@id":"https:\/\/www.rodamundo.tur.br\/blog\/#\/schema\/person\/87c288a1d9b04ee0a2ea2696554db958"},"description":"St. Patrick's Day \u00e9 um tradicional feriado irland\u00eas comemorado no dia 17 de mar\u00e7o. A data \u00e9 uma homenagem a S\u00e3o Patr\u00edcio, santo padroeiro da Irlanda.","breadcrumb":{"@id":"https:\/\/www.rodamundo.tur.br\/blog\/st-patricks-day-conheca-festa-mais-esperada-pelos-irlandeses\/#breadcrumb"},"inLanguage":"pt-BR","potentialAction":[{"@type":"ReadAction","target":["https:\/\/www.rodamundo.tur.br\/blog\/st-patricks-day-conheca-festa-mais-esperada-pelos-irlandeses\/"]}]},{"@type":"BreadcrumbList","@id":"https:\/\/www.rodamundo.tur.br\/blog\/st-patricks-day-conheca-festa-mais-esperada-pelos-irlandeses\/#breadcrumb","itemListElement":[{"@type":"ListItem","position":1,"name":"Home","item":"https:\/\/www.rodamundo.tur.br\/blog\/"},{"@type":"ListItem","position":2,"name":"St. Patrick\u2019s Day conhe\u00e7a a festa mais esperada pelos irlandeses"}]},{"@type":"Person","@id":"https:\/\/www.rodamundo.tur.br\/blog\/#\/schema\/person\/87c288a1d9b04ee0a2ea2696554db958","name":"Roda Mundo","image":{"@type":"ImageObject","inLanguage":"pt-BR","@id":"https:\/\/www.rodamundo.tur.br\/blog\/#\/schema\/person\/image\/","url":"https:\/\/secure.gravatar.com\/avatar\/4089cc054dfae87bd342769577008451?s=96&d=mm&r=g","contentUrl":"https:\/\/secure.gravatar.com\/avatar\/4089cc054dfae87bd342769577008451?s=96&d=mm&r=g","caption":"Roda Mundo"},"sameAs":["https:\/\/www.rodamundo.tur.br"],"url":"https:\/\/www.rodamundo.tur.br\/blog\/author\/admin\/"}]}},"_links":{"self":[{"href":"https:\/\/www.rodamundo.tur.br\/blog\/wp-json\/wp\/v2\/posts\/982"}],"collection":[{"href":"https:\/\/www.rodamundo.tur.br\/blog\/wp-json\/wp\/v2\/posts"}],"about":[{"href":"https:\/\/www.rodamundo.tur.br\/blog\/wp-json\/wp\/v2\/types\/post"}],"author":[{"embeddable":true,"href":"https:\/\/www.rodamundo.tur.br\/blog\/wp-json\/wp\/v2\/users\/1"}],"replies":[{"embeddable":true,"href":"https:\/\/www.rodamundo.tur.br\/blog\/wp-json\/wp\/v2\/comments?post=982"}],"version-history":[{"count":2,"href":"https:\/\/www.rodamundo.tur.br\/blog\/wp-json\/wp\/v2\/posts\/982\/revisions"}],"predecessor-version":[{"id":989,"href":"https:\/\/www.rodamundo.tur.br\/blog\/wp-json\/wp\/v2\/posts\/982\/revisions\/989"}],"wp:featuredmedia":[{"embeddable":true,"href":"https:\/\/www.rodamundo.tur.br\/blog\/wp-json\/wp\/v2\/media\/987"}],"wp:attachment":[{"href":"https:\/\/www.rodamundo.tur.br\/blog\/wp-json\/wp\/v2\/media?parent=982"}],"wp:term":[{"taxonomy":"category","embeddable":true,"href":"https:\/\/www.rodamundo.tur.br\/blog\/wp-json\/wp\/v2\/categories?post=982"},{"taxonomy":"post_tag","embeddable":true,"href":"https:\/\/www.rodamundo.tur.br\/blog\/wp-json\/wp\/v2\/tags?post=982"}],"curies":[{"name":"wp","href":"https:\/\/api.w.org\/{rel}","templated":true}]}}