{"id":875,"date":"2017-03-07T16:17:17","date_gmt":"2017-03-07T19:17:17","guid":{"rendered":"http:\/\/rodamundo.tur.br\/blog\/?p=875"},"modified":"2017-04-06T13:24:26","modified_gmt":"2017-04-06T16:24:26","slug":"as-melhores-feiras-de-intercambio-do-mundo","status":"publish","type":"post","link":"https:\/\/www.rodamundo.tur.br\/blog\/as-melhores-feiras-de-intercambio-do-mundo\/","title":{"rendered":"AS MELHORES FEIRAS DE INTERC\u00c2MBIO DO MUNDO"},"content":{"rendered":"<p>Alguns dos maiores eventos de interc\u00e2mbio e cursos no exterior ir\u00e3o acontecer nas capitais brasileiras, fique de olho!<\/p>\n<p>Agora que o carnaval j\u00e1 passou, a gente pode dizer que o ano est\u00e1 come\u00e7ando oficialmente. E para come\u00e7ar com tudo, o m\u00eas de mar\u00e7o j\u00e1 vem recheado de eventos para os estudantes que est\u00e3o planejando <strong>fazer um curso de idioma<\/strong> ou mesmo um <strong>curso de ensino superior no exterior<\/strong>. Durante esse m\u00eas ir\u00e3o acontecer diversas <strong>feiras de interc\u00e2mbio <\/strong>em v\u00e1rias capitais brasileiras e, quem sabe, n\u00e3o \u00e9 o seu momento de concretizar sua t\u00e3o sonhada viagem? Neste post a <strong>Roda Mundo<\/strong> te conta como se planejar para fazer seus planos darem certo e quais os principais eventos do m\u00eas. D\u00e1 uma olhada!<\/p>\n<h2><strong>MAR\u00c7O \u00c9 UM BOM M\u00caS PARA FECHAR INTERC\u00c2MBIO<\/strong><\/h2>\n<p><img loading=\"lazy\" class=\"alignnone wp-image-876 size-full\" src=\"https:\/\/www.rodamundo.tur.br\/blog\/wp-content\/uploads\/2017\/03\/DSC03714.jpg\" alt=\"Melhores feiras de interc\u00e2mbio.\" width=\"2592\" height=\"1944\" srcset=\"https:\/\/www.rodamundo.tur.br\/blog\/wp-content\/uploads\/2017\/03\/DSC03714.jpg 2592w, https:\/\/www.rodamundo.tur.br\/blog\/wp-content\/uploads\/2017\/03\/DSC03714-300x225.jpg 300w, https:\/\/www.rodamundo.tur.br\/blog\/wp-content\/uploads\/2017\/03\/DSC03714-768x576.jpg 768w, https:\/\/www.rodamundo.tur.br\/blog\/wp-content\/uploads\/2017\/03\/DSC03714-1024x768.jpg 1024w, https:\/\/www.rodamundo.tur.br\/blog\/wp-content\/uploads\/2017\/03\/DSC03714-80x60.jpg 80w, https:\/\/www.rodamundo.tur.br\/blog\/wp-content\/uploads\/2017\/03\/DSC03714-265x198.jpg 265w, https:\/\/www.rodamundo.tur.br\/blog\/wp-content\/uploads\/2017\/03\/DSC03714-696x522.jpg 696w, https:\/\/www.rodamundo.tur.br\/blog\/wp-content\/uploads\/2017\/03\/DSC03714-1068x801.jpg 1068w, https:\/\/www.rodamundo.tur.br\/blog\/wp-content\/uploads\/2017\/03\/DSC03714-560x420.jpg 560w\" sizes=\"(max-width: 2592px) 100vw, 2592px\" \/><\/p>\n<p>Essa \u00e9 uma boa dica para quem est\u00e1 planejando <strong>fazer interc\u00e2mbio <\/strong>ainda este ano de 2017 ou mesmo em 2018. Durante o m\u00eas de mar\u00e7o, por conta de todas as feiras que acontecem, as escolas costumam dar \u00f3timos descontos, para incentivar ainda mais os estudantes brasileiros que querem <strong>estudar no exterior<\/strong>. A <strong>Roda Mundo<\/strong> representa v\u00e1rias escolas que est\u00e3o com \u00f3timos descontos. Se quiser saber quais s\u00e3o, \u00e9 s\u00f3 deixar um coment\u00e1rio neste post. \ud83d\ude09<\/p>\n<h2><strong>QUEDA DAS MOEDAS<\/strong><\/h2>\n<p><img loading=\"lazy\" class=\"alignnone wp-image-877 size-full\" src=\"https:\/\/www.rodamundo.tur.br\/blog\/wp-content\/uploads\/2017\/03\/QUEDA-DAS-MOEDAS-estrageiras-facilita-fazer-intercambio.jpg\" alt=\"Melhores feiras de interc\u00e2mbio.\" width=\"760\" height=\"482\" srcset=\"https:\/\/www.rodamundo.tur.br\/blog\/wp-content\/uploads\/2017\/03\/QUEDA-DAS-MOEDAS-estrageiras-facilita-fazer-intercambio.jpg 760w, https:\/\/www.rodamundo.tur.br\/blog\/wp-content\/uploads\/2017\/03\/QUEDA-DAS-MOEDAS-estrageiras-facilita-fazer-intercambio-300x190.jpg 300w, https:\/\/www.rodamundo.tur.br\/blog\/wp-content\/uploads\/2017\/03\/QUEDA-DAS-MOEDAS-estrageiras-facilita-fazer-intercambio-696x441.jpg 696w, https:\/\/www.rodamundo.tur.br\/blog\/wp-content\/uploads\/2017\/03\/QUEDA-DAS-MOEDAS-estrageiras-facilita-fazer-intercambio-662x420.jpg 662w\" sizes=\"(max-width: 760px) 100vw, 760px\" \/><\/p>\n<p>Coincidentemente, al\u00e9m desse m\u00eas todo voltado ao <strong>interc\u00e2mbio<\/strong>, as moedas v\u00eam sofrendo uma queda significativa, o que favorece ainda mais o fechamento de <strong>interc\u00e2mbios culturais<\/strong>.<\/p>\n<p>O c\u00e2mbio da Libra Turismo, por exemplo, est\u00e1 valendo em torno de<br \/>\nR$4,00 e R$4,10, atualmente. Enquanto em setembro de 2016 estava valendo em torno de R$4,60. Esse \u00e9 um \u00f3timo indicativo de que a Inglaterra est\u00e1 voltando a ser um destino poss\u00edvel para os brasileiros!<\/p>\n<h2><strong>PLANEJE SEU INTERC\u00c2MBIO COM ANTECED\u00caNCIA<\/strong><\/h2>\n<p><img loading=\"lazy\" class=\"alignnone wp-image-878 size-full\" src=\"https:\/\/www.rodamundo.tur.br\/blog\/wp-content\/uploads\/2017\/03\/DSC06115.jpg\" alt=\"Melhores feiras de interc\u00e2mbio.\" width=\"1920\" height=\"1080\" srcset=\"https:\/\/www.rodamundo.tur.br\/blog\/wp-content\/uploads\/2017\/03\/DSC06115.jpg 1920w, https:\/\/www.rodamundo.tur.br\/blog\/wp-content\/uploads\/2017\/03\/DSC06115-300x169.jpg 300w, https:\/\/www.rodamundo.tur.br\/blog\/wp-content\/uploads\/2017\/03\/DSC06115-768x432.jpg 768w, https:\/\/www.rodamundo.tur.br\/blog\/wp-content\/uploads\/2017\/03\/DSC06115-1024x576.jpg 1024w, https:\/\/www.rodamundo.tur.br\/blog\/wp-content\/uploads\/2017\/03\/DSC06115-696x392.jpg 696w, https:\/\/www.rodamundo.tur.br\/blog\/wp-content\/uploads\/2017\/03\/DSC06115-1068x601.jpg 1068w, https:\/\/www.rodamundo.tur.br\/blog\/wp-content\/uploads\/2017\/03\/DSC06115-747x420.jpg 747w\" sizes=\"(max-width: 1920px) 100vw, 1920px\" \/><\/p>\n<p>Para quem quer viajar ainda em 2017 ou at\u00e9 mesmo em 2018, \u00e9 uma boa ideia fechar o interc\u00e2mbio esse m\u00eas, isso porque sobra o tempo necess\u00e1rio para planejar toda a viagem sem dor de cabe\u00e7a.<\/p>\n<p>Anteced\u00eancia \u00e9 a palavra chave quando se trata de<strong> interc\u00e2mbio<\/strong>. Apesar de ser super poss\u00edvel planejar <strong>interc\u00e2mbios de curta dura\u00e7\u00e3o<\/strong> em pouco tempo, com anteced\u00eancia voc\u00ea pode providenciar documentos, tirar o visto quando \u00e9 necess\u00e1rio e pagar o programa sem dores de cabe\u00e7a.<\/p>\n<p>Aproveite a baixa das moedas e as \u00f3timas promo\u00e7\u00f5es das escolas e venha bater um papo com a equipe da <strong>Roda Mundo<\/strong>. Quer saber os destinos dispon\u00edveis para seu interc\u00e2mbio? D\u00e1 uma olhada <a href=\"https:\/\/www.rodamundo.tur.br\/cursos-de-idiomas-no-exterior-paises\/\">aqui<\/a>!<\/p>\n<p>Curtiu as dicas? Agora confira os eventos que v\u00e3o acontecer no m\u00eas de mar\u00e7o em v\u00e1rias cidades do Brasil!<\/p>\n<h2><strong>SAL\u00c3O DO ESTUDANTE<\/strong><\/h2>\n<p><img loading=\"lazy\" class=\"alignnone wp-image-879 size-full\" src=\"https:\/\/www.rodamundo.tur.br\/blog\/wp-content\/uploads\/2017\/03\/DSC00493.jpg\" alt=\"Melhores feiras de interc\u00e2mbio.\" width=\"2592\" height=\"1944\" srcset=\"https:\/\/www.rodamundo.tur.br\/blog\/wp-content\/uploads\/2017\/03\/DSC00493.jpg 2592w, https:\/\/www.rodamundo.tur.br\/blog\/wp-content\/uploads\/2017\/03\/DSC00493-300x225.jpg 300w, https:\/\/www.rodamundo.tur.br\/blog\/wp-content\/uploads\/2017\/03\/DSC00493-768x576.jpg 768w, https:\/\/www.rodamundo.tur.br\/blog\/wp-content\/uploads\/2017\/03\/DSC00493-1024x768.jpg 1024w, https:\/\/www.rodamundo.tur.br\/blog\/wp-content\/uploads\/2017\/03\/DSC00493-80x60.jpg 80w, https:\/\/www.rodamundo.tur.br\/blog\/wp-content\/uploads\/2017\/03\/DSC00493-265x198.jpg 265w, https:\/\/www.rodamundo.tur.br\/blog\/wp-content\/uploads\/2017\/03\/DSC00493-696x522.jpg 696w, https:\/\/www.rodamundo.tur.br\/blog\/wp-content\/uploads\/2017\/03\/DSC00493-1068x801.jpg 1068w, https:\/\/www.rodamundo.tur.br\/blog\/wp-content\/uploads\/2017\/03\/DSC00493-560x420.jpg 560w\" sizes=\"(max-width: 2592px) 100vw, 2592px\" \/><\/p>\n<p>Em sua 23\u00aa edi\u00e7\u00e3o, o <strong>Sal\u00e3o do Estudante 2017<\/strong> promete ser uma das maiores <strong>feiras de interc\u00e2mbio<\/strong> no Brasil. O evento acontece em seis capitais brasileiras. Confira as datas:<\/p>\n<p>&#8211; S\u00e3o Paulo: 11 e 12 de mar\u00e7o;<\/p>\n<p>&#8211; Rio de Janeiro (Barra da Tijuca): 14 de mar\u00e7o;<\/p>\n<p>&#8211; Rio de Janeiro (Copacabana): 15 de mar\u00e7o;<\/p>\n<p>&#8211; Porto Alegre: 17 de mar\u00e7o;<\/p>\n<p>&#8211; Curitiba: 18 de mar\u00e7o;<\/p>\n<p>&#8211; Belo Horizonte: 19 de mar\u00e7o;<\/p>\n<p>&#8211; Salvador: 21 de mar\u00e7o.<\/p>\n<p>A feira ter\u00e1 mais de 200 estabelecimentos de ensino representados, entre reconhecidas universidades, faculdades, high schools e escolas de idiomas e estar\u00e3o presentes institui\u00e7\u00f5es de 20 pa\u00edses, como os mais procurados, <strong>Canad\u00e1<\/strong>, <strong>Estados Unidos<\/strong>, <strong>Austr\u00e1lia<\/strong> e <strong>Nova Zel\u00e2ndia<\/strong> e outros n\u00e3o t\u00e3o procurados, como <strong>Su\u00ed\u00e7a, \u00c1frica do Sul<\/strong>, <strong>Malta<\/strong> e alguns pa\u00edses da <strong>Am\u00e9rica Latina<\/strong>.<\/p>\n<p>Os estudantes que estiverem planejando <strong>estudar no exterior<\/strong> nos pr\u00f3ximos anos encontrar\u00e3o stands com semin\u00e1rios, especialistas, e representantes das pr\u00f3prias institui\u00e7\u00f5es. Ser\u00e3o oferecidos <strong>cursos de idiomas<\/strong>, <strong>cursos de ensino superior<\/strong>, <strong>cursos de especializa\u00e7\u00e3o<\/strong>, entre outros servi\u00e7os.<\/p>\n<p>A entrada na feira \u00e9 gratuita e os interessados devem se inscrever no site do <strong>Sal\u00e3o do Estudante<\/strong>.<strong>\u00a0<\/strong><\/p>\n<h2><strong>EDUEXPO<\/strong><\/h2>\n<p><img loading=\"lazy\" class=\"alignnone wp-image-880 size-full\" src=\"https:\/\/www.rodamundo.tur.br\/blog\/wp-content\/uploads\/2017\/03\/A-EDUEXPO-\u00e9-uma-das-maiores-feiras-de-interc\u00e2mbio-do-mundo.jpg\" alt=\"Melhores feiras de interc\u00e2mbio.\" width=\"1200\" height=\"489\" srcset=\"https:\/\/www.rodamundo.tur.br\/blog\/wp-content\/uploads\/2017\/03\/A-EDUEXPO-\u00e9-uma-das-maiores-feiras-de-interc\u00e2mbio-do-mundo.jpg 1200w, https:\/\/www.rodamundo.tur.br\/blog\/wp-content\/uploads\/2017\/03\/A-EDUEXPO-\u00e9-uma-das-maiores-feiras-de-interc\u00e2mbio-do-mundo-300x122.jpg 300w, https:\/\/www.rodamundo.tur.br\/blog\/wp-content\/uploads\/2017\/03\/A-EDUEXPO-\u00e9-uma-das-maiores-feiras-de-interc\u00e2mbio-do-mundo-768x313.jpg 768w, https:\/\/www.rodamundo.tur.br\/blog\/wp-content\/uploads\/2017\/03\/A-EDUEXPO-\u00e9-uma-das-maiores-feiras-de-interc\u00e2mbio-do-mundo-1024x417.jpg 1024w, https:\/\/www.rodamundo.tur.br\/blog\/wp-content\/uploads\/2017\/03\/A-EDUEXPO-\u00e9-uma-das-maiores-feiras-de-interc\u00e2mbio-do-mundo-696x284.jpg 696w, https:\/\/www.rodamundo.tur.br\/blog\/wp-content\/uploads\/2017\/03\/A-EDUEXPO-\u00e9-uma-das-maiores-feiras-de-interc\u00e2mbio-do-mundo-1068x435.jpg 1068w, https:\/\/www.rodamundo.tur.br\/blog\/wp-content\/uploads\/2017\/03\/A-EDUEXPO-\u00e9-uma-das-maiores-feiras-de-interc\u00e2mbio-do-mundo-1031x420.jpg 1031w\" sizes=\"(max-width: 1200px) 100vw, 1200px\" \/><\/p>\n<p>A EDUEXPO \u00e9 uma das maiores <strong>feiras de interc\u00e2mbio<\/strong> do mundo, que oferece aos estudantes brasileiros a oportunidade de se conectar com representantes de institui\u00e7\u00f5es de ensino do mundo todo. Nesta edi\u00e7\u00e3o, estar\u00e3o presentes universidades, escolas de idiomas, ag\u00eancias governamentais entre outros participantes internacionais. A feira tamb\u00e9m acontece em seis capitais brasileiras. Veja as datas:<\/p>\n<p>&#8211; Campinas: 09 de mar\u00e7o;<\/p>\n<p>&#8211; S\u00e3o Paulo: 11 e 12 de mar\u00e7o;<\/p>\n<p>&#8211; Bras\u00edlia: 14 de mar\u00e7o;<\/p>\n<p>&#8211; Curitiba: 16 de mar\u00e7o;<\/p>\n<p>&#8211; Porto Alegre: 18 de mar\u00e7o;<\/p>\n<p>&#8211; Rio de Janeiro: 19 de mar\u00e7o.<\/p>\n<p>Em sua 32\u00aa edi\u00e7\u00e3o no Brasil, o evento vai reunir 70 expositores. A entrada \u00e9 gratuita e para participar basta se inscrever no site da <strong>EDUEXPO<\/strong>.<\/p>\n<h2><strong>ESTUDAR NA ESPANHA<\/strong><\/h2>\n<p>Organizada pelo Escrit\u00f3rio de Educa\u00e7\u00e3o da Embaixada da Espanha no Brasil, junto com o Servi\u00e7o Espanhol para Internacionaliza\u00e7\u00e3o da Educa\u00e7\u00e3o (SEPIE), esta \u00e9 a 1\u00aa edi\u00e7\u00e3o da feira <strong>Estudar na Espanha<\/strong>.<\/p>\n<p>O evento ir\u00e1 reunir representantes de mais de 30 institui\u00e7\u00f5es de todas as regi\u00f5es da <strong>Espanha<\/strong> que ir\u00e3o tratar sobre o <strong>ensino superior <\/strong>no pa\u00eds. Al\u00e9m do contato com os representantes, ainda haver\u00e1 v\u00e1rias palestras que ir\u00e3o tratar de assuntos diversos, como o <strong>sistema de ensino superior na Espanha<\/strong>.<\/p>\n<p>A feira <strong>Estudar na Espanha<\/strong> acontece em S\u00e3o Paulo e no Rio de Janeiro, nos dias 11 e 13 de mar\u00e7o. A entrada tamb\u00e9m \u00e9 gratuita e as inscri\u00e7\u00f5es devem ser feitas no site do evento.<\/p>\n<h2><strong>HIGHER EDUCATION IN CANADA<\/strong><\/h2>\n<p>Voltada para <strong>cursos de ensino superior no Canad\u00e1<\/strong>, essa feira \u00e9 organizada pela escola canadense <strong>ILAC<\/strong>, conhecida no mercado de interc\u00e2mbio por sua excel\u00eancia acad\u00eamica e por oferecer os programas de <strong>Pathway<\/strong>, uma ponte para as <strong>universidades canadenses<\/strong>.<\/p>\n<p>A feira acontece no dia 14 de mar\u00e7o, em S\u00e3o Paulo, e re\u00fane representantes dos melhores <strong>colleges canadenses<\/strong>, como <strong>Seneca College<\/strong>, <strong>Conestoga College<\/strong>, <strong>Douglas College<\/strong>, <strong>Niagara College<\/strong> e <strong>Braemar College<\/strong>.<\/p>\n<p>Durantes o evento, os estudantes brasileiros que t\u00eam interesse em <strong>cursar o ensino superior no Canad\u00e1<\/strong> ter\u00e3o a oportunidade de ter um bate-papo <strong>one-to-one <\/strong>com os representantes das institui\u00e7\u00f5es.<\/p>\n<p>A participa\u00e7\u00e3o no evento \u00e9 gratuita e para participar \u00e9 necess\u00e1rio preencher o formul\u00e1rio dispon\u00edvel <a href=\"http:\/\/ilac.com\/saopaulo2017\">aqui<\/a>! A <strong>Roda Mundo<\/strong> \u00e9 representante da <strong>ILAC <\/strong>no Brasil e tamb\u00e9m pode te ajudar a escolher o curso no <strong>Canad\u00e1<\/strong> que mais combina com seus interesses.<\/p>\n<h2><strong>Gostou do post? Tem alguma d\u00favida?<\/strong><\/h2>\n<h2><strong>Deixe nos coment\u00e1rios!<\/strong><\/h2>\n<h2><span style=\"background-color: #ffffff;\"><strong>Voc\u00ea tamb\u00e9m vai gostar: <\/strong><\/span><\/h2>\n<ul>\n<li>\n<h2><span style=\"color: #ffcc00;\"><strong><a style=\"color: #ffcc00;\" href=\"https:\/\/rodamundo.tur.br\/novo-teste\/estudar-e-trabalhar-na-irlanda\/\">Estudar e Trabalhar no Exterior \u2013 Saiba As Melhores Op\u00e7\u00f5es<\/a><\/strong><\/span><\/h2>\n<\/li>\n<li>\n<h2><span style=\"color: #ffcc00;\"><strong><a style=\"color: #ffcc00;\" href=\"https:\/\/rodamundo.tur.br\/paises-idiomas\/intercambio-no-canada\/\">Interc\u00e2mbio no Canad\u00e1<\/a><\/strong><\/span><\/h2>\n<\/li>\n<li>\n<h2><span style=\"color: #ffcc00;\"><strong><a style=\"color: #ffcc00;\" href=\"https:\/\/rodamundo.tur.br\/paises-idiomas\/intercambio-na-africa-do-sul\/\">Interc\u00e2mbio na \u00c1frica do Sul<\/a><\/strong><\/span><\/h2>\n<\/li>\n<\/ul>\n<p>&nbsp;<\/p>\n<p>&nbsp;<\/p>\n","protected":false},"excerpt":{"rendered":"<p>Alguns dos maiores eventos de interc\u00e2mbio e cursos no exterior ir\u00e3o acontecer nas capitais brasileiras, fique de olho! Agora que o carnaval j\u00e1 passou, a gente pode dizer que o ano est\u00e1 come\u00e7ando oficialmente. E para come\u00e7ar com tudo, o m\u00eas de mar\u00e7o j\u00e1 vem recheado de eventos para os estudantes que est\u00e3o planejando fazer [&hellip;]<\/p>\n","protected":false},"author":1,"featured_media":885,"comment_status":"open","ping_status":"open","sticky":false,"template":"","format":"standard","meta":[],"categories":[2,17],"tags":[178],"yoast_head":"<!-- This site is optimized with the Yoast SEO plugin v19.2 - https:\/\/yoast.com\/wordpress\/plugins\/seo\/ -->\n<title>Conhe\u00e7a as melhores feiras de interc\u00e2mbio do mundo<\/title>\n<meta name=\"description\" content=\"Em mar\u00e7o, diversas capitais brasileiras recebem algumas das melhores feiras de interc\u00e2mbio do mundo. Neste post a gente te conta tudo sobre o assunto.\" \/>\n<meta name=\"robots\" content=\"index, follow, max-snippet:-1, max-image-preview:large, max-video-preview:-1\" \/>\n<link rel=\"canonical\" href=\"https:\/\/www.rodamundo.tur.br\/blog\/as-melhores-feiras-de-intercambio-do-mundo\/\" \/>\n<meta property=\"og:locale\" content=\"pt_BR\" \/>\n<meta property=\"og:type\" content=\"article\" \/>\n<meta property=\"og:title\" content=\"Conhe\u00e7a as melhores feiras de interc\u00e2mbio do mundo\" \/>\n<meta property=\"og:description\" content=\"Em mar\u00e7o, diversas capitais brasileiras recebem algumas das melhores feiras de interc\u00e2mbio do mundo. Neste post a gente te conta tudo sobre o assunto.\" \/>\n<meta property=\"og:url\" content=\"https:\/\/www.rodamundo.tur.br\/blog\/as-melhores-feiras-de-intercambio-do-mundo\/\" \/>\n<meta property=\"og:site_name\" content=\"Roda Mundo\" \/>\n<meta property=\"article:published_time\" content=\"2017-03-07T19:17:17+00:00\" \/>\n<meta property=\"article:modified_time\" content=\"2017-04-06T16:24:26+00:00\" \/>\n<meta property=\"og:image\" content=\"https:\/\/www.rodamundo.tur.br\/blog\/wp-content\/uploads\/2017\/03\/placas-paises.jpg\" \/>\n\t<meta property=\"og:image:width\" content=\"1000\" \/>\n\t<meta property=\"og:image:height\" content=\"1000\" \/>\n\t<meta property=\"og:image:type\" content=\"image\/jpeg\" \/>\n<meta name=\"author\" content=\"Roda Mundo\" \/>\n<meta name=\"twitter:card\" content=\"summary\" \/>\n<meta name=\"twitter:label1\" content=\"Escrito por\" \/>\n\t<meta name=\"twitter:data1\" content=\"Roda Mundo\" \/>\n\t<meta name=\"twitter:label2\" content=\"Est. tempo de leitura\" \/>\n\t<meta name=\"twitter:data2\" content=\"6 minutos\" \/>\n<script type=\"application\/ld+json\" class=\"yoast-schema-graph\">{\"@context\":\"https:\/\/schema.org\",\"@graph\":[{\"@type\":\"WebSite\",\"@id\":\"https:\/\/www.rodamundo.tur.br\/blog\/#website\",\"url\":\"https:\/\/www.rodamundo.tur.br\/blog\/\",\"name\":\"Roda Mundo\",\"description\":\"Operadora de Interc\u00e2mbio e Viagens\",\"potentialAction\":[{\"@type\":\"SearchAction\",\"target\":{\"@type\":\"EntryPoint\",\"urlTemplate\":\"https:\/\/www.rodamundo.tur.br\/blog\/?s={search_term_string}\"},\"query-input\":\"required name=search_term_string\"}],\"inLanguage\":\"pt-BR\"},{\"@type\":\"ImageObject\",\"inLanguage\":\"pt-BR\",\"@id\":\"https:\/\/www.rodamundo.tur.br\/blog\/as-melhores-feiras-de-intercambio-do-mundo\/#primaryimage\",\"url\":\"https:\/\/www.rodamundo.tur.br\/blog\/wp-content\/uploads\/2017\/03\/placas-paises.jpg\",\"contentUrl\":\"https:\/\/www.rodamundo.tur.br\/blog\/wp-content\/uploads\/2017\/03\/placas-paises.jpg\",\"width\":1000,\"height\":1000},{\"@type\":\"WebPage\",\"@id\":\"https:\/\/www.rodamundo.tur.br\/blog\/as-melhores-feiras-de-intercambio-do-mundo\/#webpage\",\"url\":\"https:\/\/www.rodamundo.tur.br\/blog\/as-melhores-feiras-de-intercambio-do-mundo\/\",\"name\":\"Conhe\u00e7a as melhores feiras de interc\u00e2mbio do mundo\",\"isPartOf\":{\"@id\":\"https:\/\/www.rodamundo.tur.br\/blog\/#website\"},\"primaryImageOfPage\":{\"@id\":\"https:\/\/www.rodamundo.tur.br\/blog\/as-melhores-feiras-de-intercambio-do-mundo\/#primaryimage\"},\"datePublished\":\"2017-03-07T19:17:17+00:00\",\"dateModified\":\"2017-04-06T16:24:26+00:00\",\"author\":{\"@id\":\"https:\/\/www.rodamundo.tur.br\/blog\/#\/schema\/person\/87c288a1d9b04ee0a2ea2696554db958\"},\"description\":\"Em mar\u00e7o, diversas capitais brasileiras recebem algumas das melhores feiras de interc\u00e2mbio do mundo. Neste post a gente te conta tudo sobre o assunto.\",\"breadcrumb\":{\"@id\":\"https:\/\/www.rodamundo.tur.br\/blog\/as-melhores-feiras-de-intercambio-do-mundo\/#breadcrumb\"},\"inLanguage\":\"pt-BR\",\"potentialAction\":[{\"@type\":\"ReadAction\",\"target\":[\"https:\/\/www.rodamundo.tur.br\/blog\/as-melhores-feiras-de-intercambio-do-mundo\/\"]}]},{\"@type\":\"BreadcrumbList\",\"@id\":\"https:\/\/www.rodamundo.tur.br\/blog\/as-melhores-feiras-de-intercambio-do-mundo\/#breadcrumb\",\"itemListElement\":[{\"@type\":\"ListItem\",\"position\":1,\"name\":\"Home\",\"item\":\"https:\/\/www.rodamundo.tur.br\/blog\/\"},{\"@type\":\"ListItem\",\"position\":2,\"name\":\"AS MELHORES FEIRAS DE INTERC\u00c2MBIO DO MUNDO\"}]},{\"@type\":\"Person\",\"@id\":\"https:\/\/www.rodamundo.tur.br\/blog\/#\/schema\/person\/87c288a1d9b04ee0a2ea2696554db958\",\"name\":\"Roda Mundo\",\"image\":{\"@type\":\"ImageObject\",\"inLanguage\":\"pt-BR\",\"@id\":\"https:\/\/www.rodamundo.tur.br\/blog\/#\/schema\/person\/image\/\",\"url\":\"https:\/\/secure.gravatar.com\/avatar\/4089cc054dfae87bd342769577008451?s=96&d=mm&r=g\",\"contentUrl\":\"https:\/\/secure.gravatar.com\/avatar\/4089cc054dfae87bd342769577008451?s=96&d=mm&r=g\",\"caption\":\"Roda Mundo\"},\"sameAs\":[\"https:\/\/www.rodamundo.tur.br\"],\"url\":\"https:\/\/www.rodamundo.tur.br\/blog\/author\/admin\/\"}]}<\/script>\n<!-- \/ Yoast SEO plugin. -->","yoast_head_json":{"title":"Conhe\u00e7a as melhores feiras de interc\u00e2mbio do mundo","description":"Em mar\u00e7o, diversas capitais brasileiras recebem algumas das melhores feiras de interc\u00e2mbio do mundo. Neste post a gente te conta tudo sobre o assunto.","robots":{"index":"index","follow":"follow","max-snippet":"max-snippet:-1","max-image-preview":"max-image-preview:large","max-video-preview":"max-video-preview:-1"},"canonical":"https:\/\/www.rodamundo.tur.br\/blog\/as-melhores-feiras-de-intercambio-do-mundo\/","og_locale":"pt_BR","og_type":"article","og_title":"Conhe\u00e7a as melhores feiras de interc\u00e2mbio do mundo","og_description":"Em mar\u00e7o, diversas capitais brasileiras recebem algumas das melhores feiras de interc\u00e2mbio do mundo. Neste post a gente te conta tudo sobre o assunto.","og_url":"https:\/\/www.rodamundo.tur.br\/blog\/as-melhores-feiras-de-intercambio-do-mundo\/","og_site_name":"Roda Mundo","article_published_time":"2017-03-07T19:17:17+00:00","article_modified_time":"2017-04-06T16:24:26+00:00","og_image":[{"width":1000,"height":1000,"url":"https:\/\/www.rodamundo.tur.br\/blog\/wp-content\/uploads\/2017\/03\/placas-paises.jpg","type":"image\/jpeg"}],"author":"Roda Mundo","twitter_card":"summary","twitter_misc":{"Escrito por":"Roda Mundo","Est. tempo de leitura":"6 minutos"},"schema":{"@context":"https:\/\/schema.org","@graph":[{"@type":"WebSite","@id":"https:\/\/www.rodamundo.tur.br\/blog\/#website","url":"https:\/\/www.rodamundo.tur.br\/blog\/","name":"Roda Mundo","description":"Operadora de Interc\u00e2mbio e Viagens","potentialAction":[{"@type":"SearchAction","target":{"@type":"EntryPoint","urlTemplate":"https:\/\/www.rodamundo.tur.br\/blog\/?s={search_term_string}"},"query-input":"required name=search_term_string"}],"inLanguage":"pt-BR"},{"@type":"ImageObject","inLanguage":"pt-BR","@id":"https:\/\/www.rodamundo.tur.br\/blog\/as-melhores-feiras-de-intercambio-do-mundo\/#primaryimage","url":"https:\/\/www.rodamundo.tur.br\/blog\/wp-content\/uploads\/2017\/03\/placas-paises.jpg","contentUrl":"https:\/\/www.rodamundo.tur.br\/blog\/wp-content\/uploads\/2017\/03\/placas-paises.jpg","width":1000,"height":1000},{"@type":"WebPage","@id":"https:\/\/www.rodamundo.tur.br\/blog\/as-melhores-feiras-de-intercambio-do-mundo\/#webpage","url":"https:\/\/www.rodamundo.tur.br\/blog\/as-melhores-feiras-de-intercambio-do-mundo\/","name":"Conhe\u00e7a as melhores feiras de interc\u00e2mbio do mundo","isPartOf":{"@id":"https:\/\/www.rodamundo.tur.br\/blog\/#website"},"primaryImageOfPage":{"@id":"https:\/\/www.rodamundo.tur.br\/blog\/as-melhores-feiras-de-intercambio-do-mundo\/#primaryimage"},"datePublished":"2017-03-07T19:17:17+00:00","dateModified":"2017-04-06T16:24:26+00:00","author":{"@id":"https:\/\/www.rodamundo.tur.br\/blog\/#\/schema\/person\/87c288a1d9b04ee0a2ea2696554db958"},"description":"Em mar\u00e7o, diversas capitais brasileiras recebem algumas das melhores feiras de interc\u00e2mbio do mundo. Neste post a gente te conta tudo sobre o assunto.","breadcrumb":{"@id":"https:\/\/www.rodamundo.tur.br\/blog\/as-melhores-feiras-de-intercambio-do-mundo\/#breadcrumb"},"inLanguage":"pt-BR","potentialAction":[{"@type":"ReadAction","target":["https:\/\/www.rodamundo.tur.br\/blog\/as-melhores-feiras-de-intercambio-do-mundo\/"]}]},{"@type":"BreadcrumbList","@id":"https:\/\/www.rodamundo.tur.br\/blog\/as-melhores-feiras-de-intercambio-do-mundo\/#breadcrumb","itemListElement":[{"@type":"ListItem","position":1,"name":"Home","item":"https:\/\/www.rodamundo.tur.br\/blog\/"},{"@type":"ListItem","position":2,"name":"AS MELHORES FEIRAS DE INTERC\u00c2MBIO DO MUNDO"}]},{"@type":"Person","@id":"https:\/\/www.rodamundo.tur.br\/blog\/#\/schema\/person\/87c288a1d9b04ee0a2ea2696554db958","name":"Roda Mundo","image":{"@type":"ImageObject","inLanguage":"pt-BR","@id":"https:\/\/www.rodamundo.tur.br\/blog\/#\/schema\/person\/image\/","url":"https:\/\/secure.gravatar.com\/avatar\/4089cc054dfae87bd342769577008451?s=96&d=mm&r=g","contentUrl":"https:\/\/secure.gravatar.com\/avatar\/4089cc054dfae87bd342769577008451?s=96&d=mm&r=g","caption":"Roda Mundo"},"sameAs":["https:\/\/www.rodamundo.tur.br"],"url":"https:\/\/www.rodamundo.tur.br\/blog\/author\/admin\/"}]}},"_links":{"self":[{"href":"https:\/\/www.rodamundo.tur.br\/blog\/wp-json\/wp\/v2\/posts\/875"}],"collection":[{"href":"https:\/\/www.rodamundo.tur.br\/blog\/wp-json\/wp\/v2\/posts"}],"about":[{"href":"https:\/\/www.rodamundo.tur.br\/blog\/wp-json\/wp\/v2\/types\/post"}],"author":[{"embeddable":true,"href":"https:\/\/www.rodamundo.tur.br\/blog\/wp-json\/wp\/v2\/users\/1"}],"replies":[{"embeddable":true,"href":"https:\/\/www.rodamundo.tur.br\/blog\/wp-json\/wp\/v2\/comments?post=875"}],"version-history":[{"count":6,"href":"https:\/\/www.rodamundo.tur.br\/blog\/wp-json\/wp\/v2\/posts\/875\/revisions"}],"predecessor-version":[{"id":1206,"href":"https:\/\/www.rodamundo.tur.br\/blog\/wp-json\/wp\/v2\/posts\/875\/revisions\/1206"}],"wp:featuredmedia":[{"embeddable":true,"href":"https:\/\/www.rodamundo.tur.br\/blog\/wp-json\/wp\/v2\/media\/885"}],"wp:attachment":[{"href":"https:\/\/www.rodamundo.tur.br\/blog\/wp-json\/wp\/v2\/media?parent=875"}],"wp:term":[{"taxonomy":"category","embeddable":true,"href":"https:\/\/www.rodamundo.tur.br\/blog\/wp-json\/wp\/v2\/categories?post=875"},{"taxonomy":"post_tag","embeddable":true,"href":"https:\/\/www.rodamundo.tur.br\/blog\/wp-json\/wp\/v2\/tags?post=875"}],"curies":[{"name":"wp","href":"https:\/\/api.w.org\/{rel}","templated":true}]}}