{"id":64,"date":"2016-10-24T15:17:53","date_gmt":"2016-10-24T17:17:53","guid":{"rendered":"http:\/\/td_uid_28_580e4241b59dc"},"modified":"2021-02-09T15:16:16","modified_gmt":"2021-02-09T18:16:16","slug":"a-grande-fome-na-irlanda","status":"publish","type":"post","link":"https:\/\/www.rodamundo.tur.br\/blog\/a-grande-fome-na-irlanda\/","title":{"rendered":"A Grande Fome na Irlanda"},"content":{"rendered":"<p>Fazer interc\u00e2mbio n\u00e3o gira em torno apenas de aprender uma nova l\u00edngua, mas tamb\u00e9m sobre conhecer uma nova cultura, vivenciar o estilo de vida e os costumes de outro pa\u00eds. \u00c9 importante conhecer um pouco mais sobre a hist\u00f3ria do pa\u00eds. Diante disso, se o seu pr\u00f3ximo destino de interc\u00e2mbio for a j\u00f3ia esmeralda, \u00e9 importante saber o que foi <strong>a Grande Fome na Irlanda<\/strong>, uma trag\u00e9dia da hist\u00f3ria irlandesa.<\/p>\n<h2><strong>A Grande Fome na Irlanda<\/strong><\/h2>\n<p>Assim como aqui no Brasil n\u00f3s temos o Carnaval, o feriado de Tiradentes e o 7 de Setembro, os outros pa\u00edses tamb\u00e9m t\u00eam datas marcantes. Participar de algumas delas pode fazer voc\u00ea se sentir ainda mais pr\u00f3ximo do lugar que est\u00e1 visitando.<\/p>\n<p>Quando se fala em <strong>Irlanda<\/strong>,\u00a0muitas coisas v\u00eam \u00e0 cabe\u00e7a, grandes canecos de cerveja, um povo alegre e os tradicionais Leprechauns. Por\u00e9m, a hist\u00f3ria do pa\u00eds \u00e9 muito mais fascinante, com eventos que marcaram profundamente sua popula\u00e7\u00e3o, como \u00e9 o caso da a\u00a0<strong>Grande Fome\u00a0<\/strong>ou\u00a0<strong>Great Famine<\/strong> (em ingl\u00eas).<\/p>\n<p>A Grande Fome na Irlanda\u00a0\u00e9 uma trag\u00e9dia da hist\u00f3ria do pa\u00eds que deixou fortes marcas no povo irlandes. Ela ocorreu entre 1845 e 1849 e matou cerca de 25% da popula\u00e7\u00e3o do pa\u00eds. O evento deixou fortes marcas na popula\u00e7\u00e3o e ganhou um memorial em <strong>Docklands<\/strong>: <strong>o Famine Memorial<\/strong>.<\/p>\n<figure id=\"attachment_567\" aria-describedby=\"caption-attachment-567\" style=\"width: 4000px\" class=\"wp-caption aligncenter\"><img loading=\"lazy\" class=\" td-modal-image wp-image-567 size-full\" title=\"A Grande Fome na Irlanda - The Great Famine Memorial\" src=\"https:\/\/www.rodamundo.tur.br\/blog\/wp-content\/uploads\/2016\/10\/Famine-Memorial-Roda-mundo-intercambio.jpg\" alt=\"A Grande Fome na Irlanda - The Great Famine Memorial\" width=\"4000\" height=\"3000\" srcset=\"https:\/\/www.rodamundo.tur.br\/blog\/wp-content\/uploads\/2016\/10\/Famine-Memorial-Roda-mundo-intercambio.jpg 4000w, https:\/\/www.rodamundo.tur.br\/blog\/wp-content\/uploads\/2016\/10\/Famine-Memorial-Roda-mundo-intercambio-300x225.jpg 300w, https:\/\/www.rodamundo.tur.br\/blog\/wp-content\/uploads\/2016\/10\/Famine-Memorial-Roda-mundo-intercambio-768x576.jpg 768w, https:\/\/www.rodamundo.tur.br\/blog\/wp-content\/uploads\/2016\/10\/Famine-Memorial-Roda-mundo-intercambio-1024x768.jpg 1024w, https:\/\/www.rodamundo.tur.br\/blog\/wp-content\/uploads\/2016\/10\/Famine-Memorial-Roda-mundo-intercambio-80x60.jpg 80w, https:\/\/www.rodamundo.tur.br\/blog\/wp-content\/uploads\/2016\/10\/Famine-Memorial-Roda-mundo-intercambio-265x198.jpg 265w, https:\/\/www.rodamundo.tur.br\/blog\/wp-content\/uploads\/2016\/10\/Famine-Memorial-Roda-mundo-intercambio-696x522.jpg 696w, https:\/\/www.rodamundo.tur.br\/blog\/wp-content\/uploads\/2016\/10\/Famine-Memorial-Roda-mundo-intercambio-1068x801.jpg 1068w, https:\/\/www.rodamundo.tur.br\/blog\/wp-content\/uploads\/2016\/10\/Famine-Memorial-Roda-mundo-intercambio-560x420.jpg 560w\" sizes=\"(max-width: 4000px) 100vw, 4000px\" \/><figcaption id=\"caption-attachment-567\" class=\"wp-caption-text\">A Grande Fome na Irlanda &#8211; The Great Famine Memorial<\/figcaption><\/figure>\n<p>Se voc\u00ea for \u00e0 Irlanda essa \u00e9 uma das coisas que voc\u00ea n\u00e3o pode deixar de ver. N\u00e3o tem como n\u00e3o se emocionar olhando o conjunto de est\u00e1tuas criado por Rowan Gillespie. Gillespie \u00e9 um escultor irland\u00eas que usa a t\u00e9cnica da cera perdida para retratar as emo\u00e7\u00f5es humanas<\/p>\n<p>As esculturas passam a impress\u00e3o de estar caminhando em dire\u00e7\u00e3o ao porto de <strong>Dublin<\/strong>. Assim como um milh\u00e3o e meio milh\u00e3o de pessoas que, anos atr\u00e1s, tentaram fugir da <strong>Grande Fome<\/strong>. A obra de arte cumpre bem o seu papel de passar a emo\u00e7\u00e3o que sobrou de um dos eventos mais devastadores da hist\u00f3ria irlandesa.<\/p>\n<p>Tudo aconteceu, por causa de uma praga que atacou as planta\u00e7\u00f5es de batata, que eram a principal fonte de sustento das fam\u00edlias irlandesas. A fome destruiu tudo, o povo sofria e uma onda de crimes acabou enchendo a cadeia de <strong>Kilmainham Gaol<\/strong>. Atualmente ela pode ser visitada.<\/p>\n<p><strong><em>Leia Mais:\u00a0<\/em><a href=\"https:\/\/www.rodamundo.tur.br\/estudar-e-trabalhar-na-irlanda\/\" target=\"_blank\" rel=\"noreferrer noopener\">Como estudar e trabalhar na Irlanda<\/a><\/strong><\/p>\n<figure id=\"attachment_569\" aria-describedby=\"caption-attachment-569\" style=\"width: 1536px\" class=\"wp-caption aligncenter\"><img loading=\"lazy\" class=\" td-modal-image wp-image-569 size-full\" title=\"A Grande Fome na Irlanda - Pris\u00e3o Kilmainham Gao em Dublin\" src=\"https:\/\/www.rodamundo.tur.br\/blog\/wp-content\/uploads\/2016\/10\/prisao-kilmainham-gaol-roda-mundo.jpg\" alt=\"A Grande Fome na Irlanda - Pris\u00e3o Kilmainham Gao em Dublin\" width=\"1536\" height=\"1152\" srcset=\"https:\/\/www.rodamundo.tur.br\/blog\/wp-content\/uploads\/2016\/10\/prisao-kilmainham-gaol-roda-mundo.jpg 1536w, https:\/\/www.rodamundo.tur.br\/blog\/wp-content\/uploads\/2016\/10\/prisao-kilmainham-gaol-roda-mundo-300x225.jpg 300w, https:\/\/www.rodamundo.tur.br\/blog\/wp-content\/uploads\/2016\/10\/prisao-kilmainham-gaol-roda-mundo-768x576.jpg 768w, https:\/\/www.rodamundo.tur.br\/blog\/wp-content\/uploads\/2016\/10\/prisao-kilmainham-gaol-roda-mundo-1024x768.jpg 1024w, https:\/\/www.rodamundo.tur.br\/blog\/wp-content\/uploads\/2016\/10\/prisao-kilmainham-gaol-roda-mundo-80x60.jpg 80w, https:\/\/www.rodamundo.tur.br\/blog\/wp-content\/uploads\/2016\/10\/prisao-kilmainham-gaol-roda-mundo-265x198.jpg 265w, https:\/\/www.rodamundo.tur.br\/blog\/wp-content\/uploads\/2016\/10\/prisao-kilmainham-gaol-roda-mundo-696x522.jpg 696w, https:\/\/www.rodamundo.tur.br\/blog\/wp-content\/uploads\/2016\/10\/prisao-kilmainham-gaol-roda-mundo-1068x801.jpg 1068w, https:\/\/www.rodamundo.tur.br\/blog\/wp-content\/uploads\/2016\/10\/prisao-kilmainham-gaol-roda-mundo-560x420.jpg 560w\" sizes=\"(max-width: 1536px) 100vw, 1536px\" \/><figcaption id=\"caption-attachment-569\" class=\"wp-caption-text\">A Grande Fome na Irlanda &#8211; Pris\u00e3o Kilmainham Gao em Dublin<\/figcaption><\/figure>\n<h3><strong>National Famine Commemoration<\/strong><\/h3>\n<p>Para refletir e manter vivas na lembran\u00e7a as marcas dessa cat\u00e1strofe a Irlanda promove uma celebra\u00e7\u00e3o anual chamada <strong>National Famine Commemoration<\/strong>. O evento honra todos os que faleceram e os que perderam entes queridos durante esse per\u00edodo devastador. Ele tamb\u00e9m relembra a for\u00e7a e coragem de todos aqueles que conseguiram resgatar a Irlanda da fome.<\/p>\n<p>A <strong>National Famine Commemoration<\/strong> acontece todo ano em uma parte diferente do pa\u00eds. A sua programa\u00e7\u00e3o \u00e9 muito rica, cheia de exposi\u00e7\u00f5es, musicais, performances art\u00edsticas, palestras e caminhadas pela cidade com guias.\u00a0Uma das partes mais importantes do evento \u00e9 o \u201cminuto de sil\u00eancio\u201d, que acontece em todo pa\u00eds em honra a todos os que morreram.<\/p>\n<p>Quem sai do Brasil para fazer um interc\u00e2mbio em territ\u00f3rio irland\u00eas consegue observar bem os tra\u00e7os que ficaram. Basta reparar em como eles costumam ser econ\u00f4micos e solid\u00e1rios.<\/p>\n<figure id=\"attachment_572\" aria-describedby=\"caption-attachment-572\" style=\"width: 3200px\" class=\"wp-caption aligncenter\"><img loading=\"lazy\" class=\" td-modal-image wp-image-572 size-full\" title=\"A Grande Fome na Irlanda - National Famine Commemoration em Dublin\" src=\"https:\/\/www.rodamundo.tur.br\/blog\/wp-content\/uploads\/2016\/10\/National-Famine-Commemoration-roda-mundo.jpg\" alt=\"A Grande Fome na Irlanda - National Famine Commemoration em Dublin\" width=\"3200\" height=\"2134\" srcset=\"https:\/\/www.rodamundo.tur.br\/blog\/wp-content\/uploads\/2016\/10\/National-Famine-Commemoration-roda-mundo.jpg 3200w, https:\/\/www.rodamundo.tur.br\/blog\/wp-content\/uploads\/2016\/10\/National-Famine-Commemoration-roda-mundo-300x200.jpg 300w, https:\/\/www.rodamundo.tur.br\/blog\/wp-content\/uploads\/2016\/10\/National-Famine-Commemoration-roda-mundo-768x512.jpg 768w, https:\/\/www.rodamundo.tur.br\/blog\/wp-content\/uploads\/2016\/10\/National-Famine-Commemoration-roda-mundo-1024x683.jpg 1024w, https:\/\/www.rodamundo.tur.br\/blog\/wp-content\/uploads\/2016\/10\/National-Famine-Commemoration-roda-mundo-696x464.jpg 696w, https:\/\/www.rodamundo.tur.br\/blog\/wp-content\/uploads\/2016\/10\/National-Famine-Commemoration-roda-mundo-1068x712.jpg 1068w, https:\/\/www.rodamundo.tur.br\/blog\/wp-content\/uploads\/2016\/10\/National-Famine-Commemoration-roda-mundo-630x420.jpg 630w\" sizes=\"(max-width: 3200px) 100vw, 3200px\" \/><figcaption id=\"caption-attachment-572\" class=\"wp-caption-text\">A Grande Fome na Irlanda &#8211; National Famine Commemoration em Dublin<\/figcaption><\/figure>\n<p>\u00c9 muito importante conhecer esses aspectos da hist\u00f3ria do pa\u00eds para onde voc\u00ea pretende viajar. Voc\u00ea pode compreender melhor os costumes, as tradi\u00e7\u00f5es e aprende a respeitar locais como o <strong>Famine Memorial<\/strong> e o <strong>Kilmainham Gaol<\/strong>. S\u00e3o locais que tem grande import\u00e2ncia para os irlandeses.<\/p>\n<p><strong>A Grande Fome na Irlanda\u00a0<\/strong>foi um momento muito dif\u00edcil na hist\u00f3ria do pa\u00eds. \u00c9 importante conhecer um pouco sobre esse momento hist\u00f3rico.<\/p>\n<p><strong>Comece agora mesmo seu planejamento para fazer seu interc\u00e2mbio na Irlanda.<\/strong><\/p>\n<p>A Roda Mundo Interc\u00e2mbio, ag\u00eancia selo Belta, desde 2007 auxilia estudantes para estudar na Irlanda.<\/p>\n<p>Vale ressaltar que a Roda Mundo oferece assist\u00eancia neste pedido de visto para estudantes que adquirem o programa de estudos na Irlanda atrav\u00e9s da ag\u00eancia.<\/p>\n<p><a href=\"https:\/\/api.whatsapp.com\/send?phone=5511982253300\" target=\"_blank\" rel=\"noreferrer noopener\"><strong>Clique AQUI e fale agora mesmo com um consultor especializado<\/strong>\u00a0<strong>em Irlanda<\/strong><\/a><\/p>\n<h2><strong>Voc\u00ea tamb\u00e9m pode gostar:<\/strong><\/h2>\n<h2>\u2192\u00a0<strong><a href=\"https:\/\/rodamundo.tur.br\/paises-idiomas\/intercambio-na-irlanda\/\" target=\"_blank\" rel=\"noopener noreferrer\">Interc\u00e2mbio na Irlanda<\/a><\/strong><\/h2>\n<h2>\u2192 <strong><a href=\"https:\/\/www.rodamundo.tur.br\/estudar-e-trabalhar-na-irlanda\/\" target=\"_blank\" rel=\"noopener noreferrer\">Estudar e Trabalhar na Irlanda<\/a><\/strong><\/h2>\n<h2>\u2192 <strong><a href=\"https:\/\/www.rodamundo.tur.br\/blog\/intercambio-em-dublin-e-buenos-aires\/\" target=\"_blank\" rel=\"noopener noreferrer\">Te conto como foi! Estudante Nat\u00e1lia em Buenos Aires e Irlanda<\/a><\/strong><\/h2>\n<h2>\u2192\u00a0<strong><a href=\"https:\/\/rodamundo.tur.br\/blog\/melhor-cidade-para-fazer-intercambio-na-irlanda\/\" target=\"_blank\" rel=\"noopener noreferrer\">Dublin, Galway, Cork, Malahide e Bray \u2013 Qual a melhor cidade para o seu interc\u00e2mbio?<\/a><\/strong><\/h2>\n","protected":false},"excerpt":{"rendered":"<p>Fazer interc\u00e2mbio n\u00e3o gira em torno apenas de aprender uma nova l\u00edngua, mas tamb\u00e9m sobre conhecer uma nova cultura, vivenciar o estilo de vida e os costumes de outro pa\u00eds. \u00c9 importante conhecer um pouco mais sobre a hist\u00f3ria do pa\u00eds. Diante disso, se o seu pr\u00f3ximo destino de interc\u00e2mbio for a j\u00f3ia esmeralda, \u00e9 [&hellip;]<\/p>\n","protected":false},"author":1,"featured_media":574,"comment_status":"open","ping_status":"open","sticky":false,"template":"","format":"standard","meta":[],"categories":[80,7],"tags":[132,83,133,72,131,112,174,95],"yoast_head":"<!-- This site is optimized with the Yoast SEO plugin v19.2 - https:\/\/yoast.com\/wordpress\/plugins\/seo\/ -->\n<title>A Grande Fome na Irlanda - Uma trag\u00e9dia na hist\u00f3ria irlandesa<\/title>\n<meta name=\"description\" content=\"Se o seu pr\u00f3ximo destino de interc\u00e2mbio for a j\u00f3ia esmeralda, \u00e9 importante saber o que foi a Grande Fome na Irlanda, uma trag\u00e9dia da hist\u00f3ria irlandesa.\u00a0\" \/>\n<meta name=\"robots\" content=\"index, follow, max-snippet:-1, max-image-preview:large, max-video-preview:-1\" \/>\n<link rel=\"canonical\" href=\"https:\/\/www.rodamundo.tur.br\/blog\/a-grande-fome-na-irlanda\/\" \/>\n<meta property=\"og:locale\" content=\"pt_BR\" \/>\n<meta property=\"og:type\" content=\"article\" \/>\n<meta property=\"og:title\" content=\"A Grande Fome na Irlanda - Uma trag\u00e9dia na hist\u00f3ria irlandesa\" \/>\n<meta property=\"og:description\" content=\"Se o seu pr\u00f3ximo destino de interc\u00e2mbio for a j\u00f3ia esmeralda, \u00e9 importante saber o que foi a Grande Fome na Irlanda, uma trag\u00e9dia da hist\u00f3ria irlandesa.\u00a0\" \/>\n<meta property=\"og:url\" content=\"https:\/\/www.rodamundo.tur.br\/blog\/a-grande-fome-na-irlanda\/\" \/>\n<meta property=\"og:site_name\" content=\"Roda Mundo\" \/>\n<meta property=\"article:published_time\" content=\"2016-10-24T17:17:53+00:00\" \/>\n<meta property=\"article:modified_time\" content=\"2021-02-09T18:16:16+00:00\" \/>\n<meta property=\"og:image\" content=\"https:\/\/www.rodamundo.tur.br\/blog\/wp-content\/uploads\/2016\/10\/great-famine-irlanda-roda-mundo.jpg\" \/>\n\t<meta property=\"og:image:width\" content=\"1340\" \/>\n\t<meta property=\"og:image:height\" content=\"873\" \/>\n\t<meta property=\"og:image:type\" content=\"image\/jpeg\" \/>\n<meta name=\"author\" content=\"Roda Mundo\" \/>\n<meta name=\"twitter:card\" content=\"summary\" \/>\n<meta name=\"twitter:label1\" content=\"Escrito por\" \/>\n\t<meta name=\"twitter:data1\" content=\"Roda Mundo\" \/>\n\t<meta name=\"twitter:label2\" content=\"Est. tempo de leitura\" \/>\n\t<meta name=\"twitter:data2\" content=\"4 minutos\" \/>\n<script type=\"application\/ld+json\" class=\"yoast-schema-graph\">{\"@context\":\"https:\/\/schema.org\",\"@graph\":[{\"@type\":\"WebSite\",\"@id\":\"https:\/\/www.rodamundo.tur.br\/blog\/#website\",\"url\":\"https:\/\/www.rodamundo.tur.br\/blog\/\",\"name\":\"Roda Mundo\",\"description\":\"Operadora de Interc\u00e2mbio e Viagens\",\"potentialAction\":[{\"@type\":\"SearchAction\",\"target\":{\"@type\":\"EntryPoint\",\"urlTemplate\":\"https:\/\/www.rodamundo.tur.br\/blog\/?s={search_term_string}\"},\"query-input\":\"required name=search_term_string\"}],\"inLanguage\":\"pt-BR\"},{\"@type\":\"ImageObject\",\"inLanguage\":\"pt-BR\",\"@id\":\"https:\/\/www.rodamundo.tur.br\/blog\/a-grande-fome-na-irlanda\/#primaryimage\",\"url\":\"https:\/\/www.rodamundo.tur.br\/blog\/wp-content\/uploads\/2016\/10\/great-famine-irlanda-roda-mundo.jpg\",\"contentUrl\":\"https:\/\/www.rodamundo.tur.br\/blog\/wp-content\/uploads\/2016\/10\/great-famine-irlanda-roda-mundo.jpg\",\"width\":1340,\"height\":873,\"caption\":\"A Grande Fome na Irlanda\"},{\"@type\":\"WebPage\",\"@id\":\"https:\/\/www.rodamundo.tur.br\/blog\/a-grande-fome-na-irlanda\/#webpage\",\"url\":\"https:\/\/www.rodamundo.tur.br\/blog\/a-grande-fome-na-irlanda\/\",\"name\":\"A Grande Fome na Irlanda - Uma trag\u00e9dia na hist\u00f3ria irlandesa\",\"isPartOf\":{\"@id\":\"https:\/\/www.rodamundo.tur.br\/blog\/#website\"},\"primaryImageOfPage\":{\"@id\":\"https:\/\/www.rodamundo.tur.br\/blog\/a-grande-fome-na-irlanda\/#primaryimage\"},\"datePublished\":\"2016-10-24T17:17:53+00:00\",\"dateModified\":\"2021-02-09T18:16:16+00:00\",\"author\":{\"@id\":\"https:\/\/www.rodamundo.tur.br\/blog\/#\/schema\/person\/87c288a1d9b04ee0a2ea2696554db958\"},\"description\":\"Se o seu pr\u00f3ximo destino de interc\u00e2mbio for a j\u00f3ia esmeralda, \u00e9 importante saber o que foi a Grande Fome na Irlanda, uma trag\u00e9dia da hist\u00f3ria irlandesa.\u00a0\",\"breadcrumb\":{\"@id\":\"https:\/\/www.rodamundo.tur.br\/blog\/a-grande-fome-na-irlanda\/#breadcrumb\"},\"inLanguage\":\"pt-BR\",\"potentialAction\":[{\"@type\":\"ReadAction\",\"target\":[\"https:\/\/www.rodamundo.tur.br\/blog\/a-grande-fome-na-irlanda\/\"]}]},{\"@type\":\"BreadcrumbList\",\"@id\":\"https:\/\/www.rodamundo.tur.br\/blog\/a-grande-fome-na-irlanda\/#breadcrumb\",\"itemListElement\":[{\"@type\":\"ListItem\",\"position\":1,\"name\":\"Home\",\"item\":\"https:\/\/www.rodamundo.tur.br\/blog\/\"},{\"@type\":\"ListItem\",\"position\":2,\"name\":\"A Grande Fome na Irlanda\"}]},{\"@type\":\"Person\",\"@id\":\"https:\/\/www.rodamundo.tur.br\/blog\/#\/schema\/person\/87c288a1d9b04ee0a2ea2696554db958\",\"name\":\"Roda Mundo\",\"image\":{\"@type\":\"ImageObject\",\"inLanguage\":\"pt-BR\",\"@id\":\"https:\/\/www.rodamundo.tur.br\/blog\/#\/schema\/person\/image\/\",\"url\":\"https:\/\/secure.gravatar.com\/avatar\/4089cc054dfae87bd342769577008451?s=96&d=mm&r=g\",\"contentUrl\":\"https:\/\/secure.gravatar.com\/avatar\/4089cc054dfae87bd342769577008451?s=96&d=mm&r=g\",\"caption\":\"Roda Mundo\"},\"sameAs\":[\"https:\/\/www.rodamundo.tur.br\"],\"url\":\"https:\/\/www.rodamundo.tur.br\/blog\/author\/admin\/\"}]}<\/script>\n<!-- \/ Yoast SEO plugin. -->","yoast_head_json":{"title":"A Grande Fome na Irlanda - Uma trag\u00e9dia na hist\u00f3ria irlandesa","description":"Se o seu pr\u00f3ximo destino de interc\u00e2mbio for a j\u00f3ia esmeralda, \u00e9 importante saber o que foi a Grande Fome na Irlanda, uma trag\u00e9dia da hist\u00f3ria irlandesa.\u00a0","robots":{"index":"index","follow":"follow","max-snippet":"max-snippet:-1","max-image-preview":"max-image-preview:large","max-video-preview":"max-video-preview:-1"},"canonical":"https:\/\/www.rodamundo.tur.br\/blog\/a-grande-fome-na-irlanda\/","og_locale":"pt_BR","og_type":"article","og_title":"A Grande Fome na Irlanda - Uma trag\u00e9dia na hist\u00f3ria irlandesa","og_description":"Se o seu pr\u00f3ximo destino de interc\u00e2mbio for a j\u00f3ia esmeralda, \u00e9 importante saber o que foi a Grande Fome na Irlanda, uma trag\u00e9dia da hist\u00f3ria irlandesa.\u00a0","og_url":"https:\/\/www.rodamundo.tur.br\/blog\/a-grande-fome-na-irlanda\/","og_site_name":"Roda Mundo","article_published_time":"2016-10-24T17:17:53+00:00","article_modified_time":"2021-02-09T18:16:16+00:00","og_image":[{"width":1340,"height":873,"url":"https:\/\/www.rodamundo.tur.br\/blog\/wp-content\/uploads\/2016\/10\/great-famine-irlanda-roda-mundo.jpg","type":"image\/jpeg"}],"author":"Roda Mundo","twitter_card":"summary","twitter_misc":{"Escrito por":"Roda Mundo","Est. tempo de leitura":"4 minutos"},"schema":{"@context":"https:\/\/schema.org","@graph":[{"@type":"WebSite","@id":"https:\/\/www.rodamundo.tur.br\/blog\/#website","url":"https:\/\/www.rodamundo.tur.br\/blog\/","name":"Roda Mundo","description":"Operadora de Interc\u00e2mbio e Viagens","potentialAction":[{"@type":"SearchAction","target":{"@type":"EntryPoint","urlTemplate":"https:\/\/www.rodamundo.tur.br\/blog\/?s={search_term_string}"},"query-input":"required name=search_term_string"}],"inLanguage":"pt-BR"},{"@type":"ImageObject","inLanguage":"pt-BR","@id":"https:\/\/www.rodamundo.tur.br\/blog\/a-grande-fome-na-irlanda\/#primaryimage","url":"https:\/\/www.rodamundo.tur.br\/blog\/wp-content\/uploads\/2016\/10\/great-famine-irlanda-roda-mundo.jpg","contentUrl":"https:\/\/www.rodamundo.tur.br\/blog\/wp-content\/uploads\/2016\/10\/great-famine-irlanda-roda-mundo.jpg","width":1340,"height":873,"caption":"A Grande Fome na Irlanda"},{"@type":"WebPage","@id":"https:\/\/www.rodamundo.tur.br\/blog\/a-grande-fome-na-irlanda\/#webpage","url":"https:\/\/www.rodamundo.tur.br\/blog\/a-grande-fome-na-irlanda\/","name":"A Grande Fome na Irlanda - Uma trag\u00e9dia na hist\u00f3ria irlandesa","isPartOf":{"@id":"https:\/\/www.rodamundo.tur.br\/blog\/#website"},"primaryImageOfPage":{"@id":"https:\/\/www.rodamundo.tur.br\/blog\/a-grande-fome-na-irlanda\/#primaryimage"},"datePublished":"2016-10-24T17:17:53+00:00","dateModified":"2021-02-09T18:16:16+00:00","author":{"@id":"https:\/\/www.rodamundo.tur.br\/blog\/#\/schema\/person\/87c288a1d9b04ee0a2ea2696554db958"},"description":"Se o seu pr\u00f3ximo destino de interc\u00e2mbio for a j\u00f3ia esmeralda, \u00e9 importante saber o que foi a Grande Fome na Irlanda, uma trag\u00e9dia da hist\u00f3ria irlandesa.\u00a0","breadcrumb":{"@id":"https:\/\/www.rodamundo.tur.br\/blog\/a-grande-fome-na-irlanda\/#breadcrumb"},"inLanguage":"pt-BR","potentialAction":[{"@type":"ReadAction","target":["https:\/\/www.rodamundo.tur.br\/blog\/a-grande-fome-na-irlanda\/"]}]},{"@type":"BreadcrumbList","@id":"https:\/\/www.rodamundo.tur.br\/blog\/a-grande-fome-na-irlanda\/#breadcrumb","itemListElement":[{"@type":"ListItem","position":1,"name":"Home","item":"https:\/\/www.rodamundo.tur.br\/blog\/"},{"@type":"ListItem","position":2,"name":"A Grande Fome na Irlanda"}]},{"@type":"Person","@id":"https:\/\/www.rodamundo.tur.br\/blog\/#\/schema\/person\/87c288a1d9b04ee0a2ea2696554db958","name":"Roda Mundo","image":{"@type":"ImageObject","inLanguage":"pt-BR","@id":"https:\/\/www.rodamundo.tur.br\/blog\/#\/schema\/person\/image\/","url":"https:\/\/secure.gravatar.com\/avatar\/4089cc054dfae87bd342769577008451?s=96&d=mm&r=g","contentUrl":"https:\/\/secure.gravatar.com\/avatar\/4089cc054dfae87bd342769577008451?s=96&d=mm&r=g","caption":"Roda Mundo"},"sameAs":["https:\/\/www.rodamundo.tur.br"],"url":"https:\/\/www.rodamundo.tur.br\/blog\/author\/admin\/"}]}},"_links":{"self":[{"href":"https:\/\/www.rodamundo.tur.br\/blog\/wp-json\/wp\/v2\/posts\/64"}],"collection":[{"href":"https:\/\/www.rodamundo.tur.br\/blog\/wp-json\/wp\/v2\/posts"}],"about":[{"href":"https:\/\/www.rodamundo.tur.br\/blog\/wp-json\/wp\/v2\/types\/post"}],"author":[{"embeddable":true,"href":"https:\/\/www.rodamundo.tur.br\/blog\/wp-json\/wp\/v2\/users\/1"}],"replies":[{"embeddable":true,"href":"https:\/\/www.rodamundo.tur.br\/blog\/wp-json\/wp\/v2\/comments?post=64"}],"version-history":[{"count":7,"href":"https:\/\/www.rodamundo.tur.br\/blog\/wp-json\/wp\/v2\/posts\/64\/revisions"}],"predecessor-version":[{"id":6373,"href":"https:\/\/www.rodamundo.tur.br\/blog\/wp-json\/wp\/v2\/posts\/64\/revisions\/6373"}],"wp:featuredmedia":[{"embeddable":true,"href":"https:\/\/www.rodamundo.tur.br\/blog\/wp-json\/wp\/v2\/media\/574"}],"wp:attachment":[{"href":"https:\/\/www.rodamundo.tur.br\/blog\/wp-json\/wp\/v2\/media?parent=64"}],"wp:term":[{"taxonomy":"category","embeddable":true,"href":"https:\/\/www.rodamundo.tur.br\/blog\/wp-json\/wp\/v2\/categories?post=64"},{"taxonomy":"post_tag","embeddable":true,"href":"https:\/\/www.rodamundo.tur.br\/blog\/wp-json\/wp\/v2\/tags?post=64"}],"curies":[{"name":"wp","href":"https:\/\/api.w.org\/{rel}","templated":true}]}}