{"id":4455,"date":"2019-02-02T12:21:21","date_gmt":"2019-02-02T14:21:21","guid":{"rendered":"https:\/\/www.rodamundo.tur.br\/blog\/?p=4455"},"modified":"2021-01-29T16:39:49","modified_gmt":"2021-01-29T19:39:49","slug":"depoimento-de-intercambio-na-africa-do-sul-larissa-vidigal","status":"publish","type":"post","link":"https:\/\/www.rodamundo.tur.br\/blog\/depoimento-de-intercambio-na-africa-do-sul-larissa-vidigal\/","title":{"rendered":"TE CONTO COMO FOI <br> DEPOIMENTO DE INTERC\u00c2MBIO NA \u00c1FRICA DO SUL  LARISSA VIDIGAL"},"content":{"rendered":"\n<p>Quando se planeja um interc\u00e2mbio, \u00e9 comum ficar na d\u00favida sobre a escolha do destino, afinal s\u00e3o muitas boas op\u00e7\u00f5es. Por isso que o <strong>depoimento de interc\u00e2mbio na \u00c1frica do Sul<\/strong> a seguir pode te ajudar nessa escolha. <\/p>\n\n\n\n<p>A nossa querida estudante Larissa Vidigal teve uma experi\u00eancia transformadora de <a href=\"https:\/\/www.rodamundo.tur.br\/paises-idiomas\/intercambio-na-africa-do-sul\/\">interc\u00e2mbio na \u00c1frica do Sul<\/a>. Ela fez um curso de ingl\u00eas na cidade de Cape Town e depois fez um trabalho volunt\u00e1rio tamb\u00e9m na \u00c1frica do Sul.<\/p>\n\n\n\n<p>A experi\u00eancia da Lari foi muito intensa e ela conta nesse lindo depoimento  um pouco sobre a escolha da \u00c1frica do Sul e o quanto isso mudou sua vida. <\/p>\n\n\n\n<p>Se inspire a seguir com essa intercambista muito especial. A gente aqui na Roda Mundo simplesmente amou esse depoimento de interc\u00e2mbio na \u00c1frica do Sul. Lari, voc\u00ea \u00e9 demais!<\/p>\n\n\n\n<p><strong><em>Leia Mais:<\/em> <a href=\"https:\/\/www.rodamundo.tur.br\/blog\/melhores-escolas-de-ingles-na-africa-do-sul\/\" target=\"_blank\" rel=\"noreferrer noopener\">Melhores escolas de ingl\u00eas em Cape Town<\/a><\/strong><\/p>\n\n\n\n<h2><strong>A ESCOLHA DA \u00c1FRICA DO SUL PARA O INTERC\u00c2MBIO<\/strong><\/h2>\n\n\n\n<figure class=\"wp-block-image td-caption-align-https:\/\/www.rodamundo.tur.br\/blog\/wp-content\/uploads\/2019\/02\/Depoimento-de-interc\u00e2mbio-na-\u00c1frica-do-Sul-Larissa-Vidigal-7.jpg\"><img loading=\"lazy\" width=\"768\" height=\"1024\" src=\"https:\/\/www.rodamundo.tur.br\/blog\/wp-content\/uploads\/2019\/02\/Depoimento-de-interc\u00e2mbio-na-\u00c1frica-do-Sul-Larissa-Vidigal-7-768x1024.jpg\" alt=\"\" class=\"wp-image-4463\" srcset=\"https:\/\/www.rodamundo.tur.br\/blog\/wp-content\/uploads\/2019\/02\/Depoimento-de-interc\u00e2mbio-na-\u00c1frica-do-Sul-Larissa-Vidigal-7-768x1024.jpg 768w, https:\/\/www.rodamundo.tur.br\/blog\/wp-content\/uploads\/2019\/02\/Depoimento-de-interc\u00e2mbio-na-\u00c1frica-do-Sul-Larissa-Vidigal-7-225x300.jpg 225w, https:\/\/www.rodamundo.tur.br\/blog\/wp-content\/uploads\/2019\/02\/Depoimento-de-interc\u00e2mbio-na-\u00c1frica-do-Sul-Larissa-Vidigal-7-696x928.jpg 696w, https:\/\/www.rodamundo.tur.br\/blog\/wp-content\/uploads\/2019\/02\/Depoimento-de-interc\u00e2mbio-na-\u00c1frica-do-Sul-Larissa-Vidigal-7-315x420.jpg 315w, https:\/\/www.rodamundo.tur.br\/blog\/wp-content\/uploads\/2019\/02\/Depoimento-de-interc\u00e2mbio-na-\u00c1frica-do-Sul-Larissa-Vidigal-7.jpg 960w\" sizes=\"(max-width: 768px) 100vw, 768px\" \/><\/figure>\n\n\n\n<p>&#8220;Ir para a \u00c1frica era um sonho que me acompanhava desde pequena, assim como fazer interc\u00e2mbio. Mas o meu sonho de interc\u00e2mbio era Europa (mais especificamente Londres). <\/p>\n\n\n\n<p>Quando surgiu a oportunidade, eu j\u00e1 n\u00e3o tinha mais certeza se Londres seria o lugar para mim devido a custos, clima e estilo de vida (meu objetivo era ter mais contato com a natureza). Logo, mudei de ideia para Austr\u00e1lia, por se aproximar mais ao que eu desejava\u2026 Mas ainda n\u00e3o sentia que fosse \u201cO lugar\u201d. <\/p>\n\n\n\n<p>E foi no meu momento de completa indecis\u00e3o que as meninas da Roda Mundo (Renata e Roberta) me socorreram! <br>Tive um atendimento inigual\u00e1vel e elas n\u00e3o somente reacenderam um sonho, mas o complementaram e iluminaram a minha mente para, enfim, decidir o meu destino: Cape Town, \u00c1frica do Sul.&#8221;<\/p>\n\n\n\n<p><strong><a rel=\"noreferrer noopener\" href=\"https:\/\/www.rodamundo.tur.br\/pacote\/curso-de-ingles-na-escola-good-hope-studies-em-cape-town\/\" target=\"_blank\">Conhe\u00e7a mais sobre a escola Good Hope Studies Aqui e pe\u00e7a seu or\u00e7amento!<\/a><\/strong><\/p>\n\n\n\n<h2><strong>VALEU A PENA ESCOLHER A \u00c1FRICA DO SUL<\/strong><\/h2>\n\n\n\n<figure class=\"wp-block-image td-caption-align-https:\/\/www.rodamundo.tur.br\/blog\/wp-content\/uploads\/2019\/02\/Depoimento-de-interc\u00e2mbio-na-\u00c1frica-do-Sul-Larissa-Vidigal.jpg\"><img loading=\"lazy\" width=\"1024\" height=\"768\" src=\"https:\/\/www.rodamundo.tur.br\/blog\/wp-content\/uploads\/2019\/02\/Depoimento-de-interc\u00e2mbio-na-\u00c1frica-do-Sul-Larissa-Vidigal-1024x768.jpg\" alt=\"\" class=\"wp-image-4464\" srcset=\"https:\/\/www.rodamundo.tur.br\/blog\/wp-content\/uploads\/2019\/02\/Depoimento-de-interc\u00e2mbio-na-\u00c1frica-do-Sul-Larissa-Vidigal-1024x768.jpg 1024w, https:\/\/www.rodamundo.tur.br\/blog\/wp-content\/uploads\/2019\/02\/Depoimento-de-interc\u00e2mbio-na-\u00c1frica-do-Sul-Larissa-Vidigal-300x225.jpg 300w, https:\/\/www.rodamundo.tur.br\/blog\/wp-content\/uploads\/2019\/02\/Depoimento-de-interc\u00e2mbio-na-\u00c1frica-do-Sul-Larissa-Vidigal-768x576.jpg 768w, https:\/\/www.rodamundo.tur.br\/blog\/wp-content\/uploads\/2019\/02\/Depoimento-de-interc\u00e2mbio-na-\u00c1frica-do-Sul-Larissa-Vidigal-80x60.jpg 80w, https:\/\/www.rodamundo.tur.br\/blog\/wp-content\/uploads\/2019\/02\/Depoimento-de-interc\u00e2mbio-na-\u00c1frica-do-Sul-Larissa-Vidigal-265x198.jpg 265w, https:\/\/www.rodamundo.tur.br\/blog\/wp-content\/uploads\/2019\/02\/Depoimento-de-interc\u00e2mbio-na-\u00c1frica-do-Sul-Larissa-Vidigal-696x522.jpg 696w, https:\/\/www.rodamundo.tur.br\/blog\/wp-content\/uploads\/2019\/02\/Depoimento-de-interc\u00e2mbio-na-\u00c1frica-do-Sul-Larissa-Vidigal-1068x801.jpg 1068w, https:\/\/www.rodamundo.tur.br\/blog\/wp-content\/uploads\/2019\/02\/Depoimento-de-interc\u00e2mbio-na-\u00c1frica-do-Sul-Larissa-Vidigal-560x420.jpg 560w, https:\/\/www.rodamundo.tur.br\/blog\/wp-content\/uploads\/2019\/02\/Depoimento-de-interc\u00e2mbio-na-\u00c1frica-do-Sul-Larissa-Vidigal.jpg 1280w\" sizes=\"(max-width: 1024px) 100vw, 1024px\" \/><\/figure>\n\n\n\n<p>&#8220;Digo, do fundo do meu cora\u00e7\u00e3o, que foi a melhor escolha que poderia ter feito. <br> Que lugar apaixonante! <br>A cidade, as pessoas, os locais que visitei. Cape Town \u00e9 uma caixinha de surpresas, sempre com algo novo a oferecer, muitas vezes escondido ali num cantinho que voc\u00ea nem sabia que poderia existir. <\/p>\n\n\n\n<p>E o mais incr\u00edvel s\u00e3o as t\u00e3o diferentes sensa\u00e7\u00f5es despertadas ao visitar cada bairro. Como se cada um deles tivesse um mundo m\u00e1gico particular.&#8221;<\/p>\n\n\n\n<h2><strong>O CURSO DE INGL\u00caS DA LARI EM CAPE TOWN <\/strong><\/h2>\n\n\n\n<figure class=\"wp-block-image td-caption-align-https:\/\/www.rodamundo.tur.br\/blog\/wp-content\/uploads\/2019\/02\/Depoimento-de-interc\u00e2mbio-na-\u00c1frica-do-Sul-Larissa-Vidigal-6.jpg\"><img loading=\"lazy\" width=\"1024\" height=\"769\" src=\"https:\/\/www.rodamundo.tur.br\/blog\/wp-content\/uploads\/2019\/02\/Depoimento-de-interc\u00e2mbio-na-\u00c1frica-do-Sul-Larissa-Vidigal-6-1024x769.jpg\" alt=\"\" class=\"wp-image-4465\" srcset=\"https:\/\/www.rodamundo.tur.br\/blog\/wp-content\/uploads\/2019\/02\/Depoimento-de-interc\u00e2mbio-na-\u00c1frica-do-Sul-Larissa-Vidigal-6.jpg 1024w, https:\/\/www.rodamundo.tur.br\/blog\/wp-content\/uploads\/2019\/02\/Depoimento-de-interc\u00e2mbio-na-\u00c1frica-do-Sul-Larissa-Vidigal-6-300x225.jpg 300w, https:\/\/www.rodamundo.tur.br\/blog\/wp-content\/uploads\/2019\/02\/Depoimento-de-interc\u00e2mbio-na-\u00c1frica-do-Sul-Larissa-Vidigal-6-768x577.jpg 768w, https:\/\/www.rodamundo.tur.br\/blog\/wp-content\/uploads\/2019\/02\/Depoimento-de-interc\u00e2mbio-na-\u00c1frica-do-Sul-Larissa-Vidigal-6-80x60.jpg 80w, https:\/\/www.rodamundo.tur.br\/blog\/wp-content\/uploads\/2019\/02\/Depoimento-de-interc\u00e2mbio-na-\u00c1frica-do-Sul-Larissa-Vidigal-6-265x198.jpg 265w, https:\/\/www.rodamundo.tur.br\/blog\/wp-content\/uploads\/2019\/02\/Depoimento-de-interc\u00e2mbio-na-\u00c1frica-do-Sul-Larissa-Vidigal-6-696x523.jpg 696w, https:\/\/www.rodamundo.tur.br\/blog\/wp-content\/uploads\/2019\/02\/Depoimento-de-interc\u00e2mbio-na-\u00c1frica-do-Sul-Larissa-Vidigal-6-559x420.jpg 559w\" sizes=\"(max-width: 1024px) 100vw, 1024px\" \/><\/figure>\n\n\n\n<p>&#8220;Foi a oportunidade de n\u00e3o somente conhecer lugares incr\u00edveis e paisagens maravilhosas, como de aperfei\u00e7oar o ingl\u00eas (tive aulas por oito semanas na <a href=\"https:\/\/www.rodamundo.tur.br\/pacote\/curso-de-ingles-na-escola-good-hope-studies-em-cape-town\/\" target=\"_blank\" rel=\"noreferrer noopener\" aria-label=\"Good Hope Studies (abre em uma nova aba)\">Good Hope Studies<\/a>, unidade de Newlands, lugar que foi n\u00e3o s\u00f3 uma \u00f3tima escola, mas como um lar para mim), vivenciar o dia a dia em casa de fam\u00edlia (host mom amada que me acolheu como se eu fosse sua filha) e conhecer os melhores amigos vindos de v\u00e1rias partes do mundo.<\/p>\n\n\n\n<p>Nada substitui a vis\u00e3o di\u00e1ria da Table Mountain (e a sensa\u00e7\u00e3o de vit\u00f3ria ao subi-la a p\u00e9), o por do sol na praia de Camps Bay, a sensa\u00e7\u00e3o \u00fanica ao andar por Waterfront, os deliciosos food markets, os tocantes shows e m\u00fasica ao vivo, o dom art\u00edstico que se notava nas mais simples coisas, a alegria de cada pessoa\u2026 enfim, a vivacidade de <a href=\"https:\/\/www.rodamundo.tur.br\/paises-idiomas\/intercambio-na-africa-do-sul\/\">Cape Town<\/a>.&#8221;<\/p>\n\n\n\n<h2><strong>A AVENTURA DE FAZER TRABALHO VOLUNT\u00c1RIO NA \u00c1FRICA DO SUL<\/strong><\/h2>\n\n\n\n<figure class=\"wp-block-image td-caption-align-https:\/\/www.rodamundo.tur.br\/blog\/wp-content\/uploads\/2019\/02\/Depoimento-de-interc\u00e2mbio-na-\u00c1frica-do-Sul-Larissa-Vidigal-10.jpg\"><img loading=\"lazy\" width=\"1024\" height=\"769\" src=\"https:\/\/www.rodamundo.tur.br\/blog\/wp-content\/uploads\/2019\/02\/Depoimento-de-interc\u00e2mbio-na-\u00c1frica-do-Sul-Larissa-Vidigal-10-1024x769.jpg\" alt=\"\" class=\"wp-image-4466\" srcset=\"https:\/\/www.rodamundo.tur.br\/blog\/wp-content\/uploads\/2019\/02\/Depoimento-de-interc\u00e2mbio-na-\u00c1frica-do-Sul-Larissa-Vidigal-10.jpg 1024w, https:\/\/www.rodamundo.tur.br\/blog\/wp-content\/uploads\/2019\/02\/Depoimento-de-interc\u00e2mbio-na-\u00c1frica-do-Sul-Larissa-Vidigal-10-300x225.jpg 300w, https:\/\/www.rodamundo.tur.br\/blog\/wp-content\/uploads\/2019\/02\/Depoimento-de-interc\u00e2mbio-na-\u00c1frica-do-Sul-Larissa-Vidigal-10-768x577.jpg 768w, https:\/\/www.rodamundo.tur.br\/blog\/wp-content\/uploads\/2019\/02\/Depoimento-de-interc\u00e2mbio-na-\u00c1frica-do-Sul-Larissa-Vidigal-10-80x60.jpg 80w, https:\/\/www.rodamundo.tur.br\/blog\/wp-content\/uploads\/2019\/02\/Depoimento-de-interc\u00e2mbio-na-\u00c1frica-do-Sul-Larissa-Vidigal-10-265x198.jpg 265w, https:\/\/www.rodamundo.tur.br\/blog\/wp-content\/uploads\/2019\/02\/Depoimento-de-interc\u00e2mbio-na-\u00c1frica-do-Sul-Larissa-Vidigal-10-696x523.jpg 696w, https:\/\/www.rodamundo.tur.br\/blog\/wp-content\/uploads\/2019\/02\/Depoimento-de-interc\u00e2mbio-na-\u00c1frica-do-Sul-Larissa-Vidigal-10-559x420.jpg 559w\" sizes=\"(max-width: 1024px) 100vw, 1024px\" \/><\/figure>\n\n\n\n<p>&#8220;Para fechar com chave de ouro, tive a emocionante oportunidade de fazer <a href=\"https:\/\/www.rodamundo.tur.br\/trabalho-voluntario-no-exterior\/#\/africa-do-sul\" target=\"_blank\" rel=\"noreferrer noopener\" aria-label=\"trabalho volunt\u00e1rio (abre em uma nova aba)\">trabalho volunt\u00e1rio<\/a> por duas semanas em outra cidade, Port Elizabeth, no projeto Big 5 Rehabilitation. <\/p>\n\n\n\n<p>Este projeto \u00e9 realizado dentro de uma Reserva voltada para a reabilita\u00e7\u00e3o de animais selvagens (Big 5: elefante, rinoceronte, le\u00e3o, leopardo e b\u00fafalo) e os volunt\u00e1rios ficam hospedados na acomoda\u00e7\u00e3o ali dentro. <\/p>\n\n\n\n<p>Tive contato di\u00e1rio com a natureza, trabalho puxado (plantar, cortar vegeta\u00e7\u00e3o invasiva, alimentar os le\u00f5es, entre outros), mas contribuindo com o meio ambiente e a reserva, game drives, todos os dias com a linda vis\u00e3o do dia a dia dos animais, e finalizando as noites ao redor de uma fogueira junto aos amigos. <\/p>\n\n\n\n<figure class=\"wp-block-image td-caption-align-https:\/\/www.rodamundo.tur.br\/blog\/wp-content\/uploads\/2019\/02\/Depoimento-de-interc\u00e2mbio-na-\u00c1frica-do-Sul-Larissa-Vidigal-8.jpg\"><img loading=\"lazy\" width=\"768\" height=\"1024\" src=\"https:\/\/www.rodamundo.tur.br\/blog\/wp-content\/uploads\/2019\/02\/Depoimento-de-interc\u00e2mbio-na-\u00c1frica-do-Sul-Larissa-Vidigal-8-768x1024.jpg\" alt=\"\" class=\"wp-image-4467\" srcset=\"https:\/\/www.rodamundo.tur.br\/blog\/wp-content\/uploads\/2019\/02\/Depoimento-de-interc\u00e2mbio-na-\u00c1frica-do-Sul-Larissa-Vidigal-8-768x1024.jpg 768w, https:\/\/www.rodamundo.tur.br\/blog\/wp-content\/uploads\/2019\/02\/Depoimento-de-interc\u00e2mbio-na-\u00c1frica-do-Sul-Larissa-Vidigal-8-225x300.jpg 225w, https:\/\/www.rodamundo.tur.br\/blog\/wp-content\/uploads\/2019\/02\/Depoimento-de-interc\u00e2mbio-na-\u00c1frica-do-Sul-Larissa-Vidigal-8-696x928.jpg 696w, https:\/\/www.rodamundo.tur.br\/blog\/wp-content\/uploads\/2019\/02\/Depoimento-de-interc\u00e2mbio-na-\u00c1frica-do-Sul-Larissa-Vidigal-8-315x420.jpg 315w, https:\/\/www.rodamundo.tur.br\/blog\/wp-content\/uploads\/2019\/02\/Depoimento-de-interc\u00e2mbio-na-\u00c1frica-do-Sul-Larissa-Vidigal-8.jpg 960w\" sizes=\"(max-width: 768px) 100vw, 768px\" \/><\/figure>\n\n\n\n<p>A deliciosa comida sempre feita com muito carinho pela equipe da cozinha, as amizades n\u00e3o s\u00f3 com os volunt\u00e1rios, mas com os rangers e equipe da reserva, ouvir os macacos pulando no nosso telhado e correr para fechar as janelas pra n\u00e3o entrarem no nosso quarto (risos) e o som dos le\u00f5es rugindo durante a noite que, todas as vezes, me arrepiava e emocionava.&#8221;<\/p>\n\n\n\n<h2><strong>EXPERI\u00caNCIA DE INTERC\u00c2MBIO QUE SE LEVA PRO RESTO DA VIDA<\/strong><\/h2>\n\n\n\n<figure class=\"wp-block-image td-caption-align-https:\/\/www.rodamundo.tur.br\/blog\/wp-content\/uploads\/2019\/02\/Depoimento-de-interc\u00e2mbio-na-\u00c1frica-do-Sul-Larissa-Vidigal-2.jpg\"><img loading=\"lazy\" width=\"1024\" height=\"768\" src=\"https:\/\/www.rodamundo.tur.br\/blog\/wp-content\/uploads\/2019\/02\/Depoimento-de-interc\u00e2mbio-na-\u00c1frica-do-Sul-Larissa-Vidigal-2-1024x768.jpg\" alt=\"\" class=\"wp-image-4469\" srcset=\"https:\/\/www.rodamundo.tur.br\/blog\/wp-content\/uploads\/2019\/02\/Depoimento-de-interc\u00e2mbio-na-\u00c1frica-do-Sul-Larissa-Vidigal-2-1024x768.jpg 1024w, https:\/\/www.rodamundo.tur.br\/blog\/wp-content\/uploads\/2019\/02\/Depoimento-de-interc\u00e2mbio-na-\u00c1frica-do-Sul-Larissa-Vidigal-2-300x225.jpg 300w, https:\/\/www.rodamundo.tur.br\/blog\/wp-content\/uploads\/2019\/02\/Depoimento-de-interc\u00e2mbio-na-\u00c1frica-do-Sul-Larissa-Vidigal-2-768x576.jpg 768w, https:\/\/www.rodamundo.tur.br\/blog\/wp-content\/uploads\/2019\/02\/Depoimento-de-interc\u00e2mbio-na-\u00c1frica-do-Sul-Larissa-Vidigal-2-80x60.jpg 80w, https:\/\/www.rodamundo.tur.br\/blog\/wp-content\/uploads\/2019\/02\/Depoimento-de-interc\u00e2mbio-na-\u00c1frica-do-Sul-Larissa-Vidigal-2-265x198.jpg 265w, https:\/\/www.rodamundo.tur.br\/blog\/wp-content\/uploads\/2019\/02\/Depoimento-de-interc\u00e2mbio-na-\u00c1frica-do-Sul-Larissa-Vidigal-2-696x522.jpg 696w, https:\/\/www.rodamundo.tur.br\/blog\/wp-content\/uploads\/2019\/02\/Depoimento-de-interc\u00e2mbio-na-\u00c1frica-do-Sul-Larissa-Vidigal-2-1068x801.jpg 1068w, https:\/\/www.rodamundo.tur.br\/blog\/wp-content\/uploads\/2019\/02\/Depoimento-de-interc\u00e2mbio-na-\u00c1frica-do-Sul-Larissa-Vidigal-2-560x420.jpg 560w, https:\/\/www.rodamundo.tur.br\/blog\/wp-content\/uploads\/2019\/02\/Depoimento-de-interc\u00e2mbio-na-\u00c1frica-do-Sul-Larissa-Vidigal-2.jpg 1280w\" sizes=\"(max-width: 1024px) 100vw, 1024px\" \/><\/figure>\n\n\n\n<p>&#8220;Que incr\u00edvel oportunidade de sair da zona de conforto e partir para uma li\u00e7\u00e3o de autoconhecimento. E que li\u00e7\u00e3o! Que pa\u00eds! <br> Jamais me esquecerei da leveza, energia e amor que senti ali, seja em Cape Town, seja em Port Elizabeth. <\/p>\n\n\n\n<p>Um pedacinho meu ficou na \u00c1frica e me preparo para, um dia, retornar e reencontrar essa parte de mim\ud83d\ude09<\/p>\n\n\n\n<p>Obrigada por tudo, Roda Mundo! <br>\nSem voc\u00eas, nada disso teria sido poss\u00edvel. <\/p>\n\n\n\n<p>Todo o meu carinho e gratid\u00e3o, <\/p>\n\n\n\n<p>Larissa Vidigal&#8221;<\/p>\n\n\n\n<p><strong>Demais esse depoimento da Lari, n\u00e3o \u00e9? Se voc\u00ea tem vontade de tamb\u00e9m ter uma experi\u00eancia como essa, converse com a gente aqui na Roda Mundo<\/strong>.<br><strong>\u2192 Tire d\u00favidas pelo WhatsApp\u00a0<\/strong><a rel=\"noreferrer noopener\" href=\"https:\/\/api.whatsapp.com\/send?phone=5511982253300\" target=\"_blank\"><strong>11 98225-3300<\/strong><\/a><br><strong>Ou nos envie um e-mail para contato@rodamundo.tur.br<\/strong><\/p>\n\n\n\n<p>Fique por dentro das novidades de interc\u00e2mbio e\u00a0<a href=\"https:\/\/www.instagram.com\/rodamundo\/\" target=\"_blank\" rel=\"noreferrer noopener\"><strong>siga a Roda Mundo no Instagram aqui<\/strong><\/a>.<\/p>\n\n\n\n<h2><strong>VEJA TAMB\u00c9M:<\/strong><\/h2>\n\n\n\n<h3><strong><a href=\"https:\/\/www.rodamundo.tur.br\/pacote\/curso-de-ingles-na-escola-good-hope-studies-em-cape-town\/\" target=\"_blank\" rel=\"noreferrer noopener\" aria-label=\"\u2192 ESCOLA&nbsp;GOOD&nbsp;HOPE&nbsp;STUDIES&nbsp;CAPE&nbsp;TOWN (abre em uma nova aba)\">\u2192 ESCOLA&nbsp;GOOD&nbsp;HOPE&nbsp;STUDIES&nbsp;CAPE&nbsp;TOWN<\/a><\/strong><\/h3>\n\n\n\n<h3><strong><a href=\"https:\/\/www.rodamundo.tur.br\/trabalho-voluntario-no-exterior\/\" target=\"_blank\" rel=\"noreferrer noopener\" aria-label=\"\u2192TRABALHO&nbsp;VOLUNT\u00c1RIO&nbsp;NO&nbsp;EXTERIOR (abre em uma nova aba)\">\u2192TRABALHO&nbsp;VOLUNT\u00c1RIO&nbsp;NO&nbsp;EXTERIOR<\/a><\/strong><\/h3>\n\n\n\n<h3><strong><a href=\"https:\/\/www.rodamundo.tur.br\/promocoes-de-intercambio\/\" target=\"_blank\" rel=\"noreferrer noopener\">\u2192 PROMO\u00c7\u00d5ES DE INTERCAMBIO<\/a><\/strong><\/h3>\n\n\n\n<h3 id=\"mce_33\"><strong><a rel=\"noreferrer noopener\" href=\"https:\/\/www.rodamundo.tur.br\/estudar-e-trabalhar-no-exterior-legalmente\/\" target=\"_blank\">\u2192 ESTUDE E TRABALHE NO EXTERIOR<\/a><\/strong><\/h3>\n\n\n\n<p><\/p>\n","protected":false},"excerpt":{"rendered":"<p>depoimento da intercambista que foi para a \u00c1frica do Sul<\/p>\n","protected":false},"author":1,"featured_media":4459,"comment_status":"open","ping_status":"open","sticky":false,"template":"","format":"standard","meta":[],"categories":[82,1,10],"tags":[177,558,575,51],"yoast_head":"<!-- This site is optimized with the Yoast SEO plugin v19.2 - https:\/\/yoast.com\/wordpress\/plugins\/seo\/ -->\n<title>Depoimento de Interc\u00e2mbio na \u00c1frica do Sul - Roda Mundo Interc\u00e2mbio<\/title>\n<meta name=\"description\" content=\"Depoimento de Interc\u00e2mbio na \u00c1frica do Sul da estudante Larissa Vidigal. Ela teve uma experi\u00eancia transformadora de interc\u00e2mbio na \u00c1frica do Sul.\" \/>\n<meta name=\"robots\" content=\"index, follow, max-snippet:-1, max-image-preview:large, max-video-preview:-1\" \/>\n<link rel=\"canonical\" href=\"https:\/\/www.rodamundo.tur.br\/blog\/depoimento-de-intercambio-na-africa-do-sul-larissa-vidigal\/\" \/>\n<meta property=\"og:locale\" content=\"pt_BR\" \/>\n<meta property=\"og:type\" content=\"article\" \/>\n<meta property=\"og:title\" content=\"Depoimento de Interc\u00e2mbio na \u00c1frica do Sul - Roda Mundo Interc\u00e2mbio\" \/>\n<meta property=\"og:description\" content=\"Depoimento de Interc\u00e2mbio na \u00c1frica do Sul da estudante Larissa Vidigal. Ela teve uma experi\u00eancia transformadora de interc\u00e2mbio na \u00c1frica do Sul.\" \/>\n<meta property=\"og:url\" content=\"https:\/\/www.rodamundo.tur.br\/blog\/depoimento-de-intercambio-na-africa-do-sul-larissa-vidigal\/\" \/>\n<meta property=\"og:site_name\" content=\"Roda Mundo\" \/>\n<meta property=\"article:published_time\" content=\"2019-02-02T14:21:21+00:00\" \/>\n<meta property=\"article:modified_time\" content=\"2021-01-29T19:39:49+00:00\" \/>\n<meta property=\"og:image\" content=\"https:\/\/www.rodamundo.tur.br\/blog\/wp-content\/uploads\/2019\/02\/Depoimento-de-interc\u00e2mbio-na-\u00c1frica-do-Sul-Larissa-Vidigal-3.jpg\" \/>\n\t<meta property=\"og:image:width\" content=\"1092\" \/>\n\t<meta property=\"og:image:height\" content=\"945\" \/>\n\t<meta property=\"og:image:type\" content=\"image\/jpeg\" \/>\n<meta name=\"author\" content=\"Roda Mundo\" \/>\n<meta name=\"twitter:card\" content=\"summary\" \/>\n<meta name=\"twitter:label1\" content=\"Escrito por\" \/>\n\t<meta name=\"twitter:data1\" content=\"Roda Mundo\" \/>\n\t<meta name=\"twitter:label2\" content=\"Est. tempo de leitura\" \/>\n\t<meta name=\"twitter:data2\" content=\"5 minutos\" \/>\n<script type=\"application\/ld+json\" class=\"yoast-schema-graph\">{\"@context\":\"https:\/\/schema.org\",\"@graph\":[{\"@type\":\"WebSite\",\"@id\":\"https:\/\/www.rodamundo.tur.br\/blog\/#website\",\"url\":\"https:\/\/www.rodamundo.tur.br\/blog\/\",\"name\":\"Roda Mundo\",\"description\":\"Operadora de Interc\u00e2mbio e Viagens\",\"potentialAction\":[{\"@type\":\"SearchAction\",\"target\":{\"@type\":\"EntryPoint\",\"urlTemplate\":\"https:\/\/www.rodamundo.tur.br\/blog\/?s={search_term_string}\"},\"query-input\":\"required name=search_term_string\"}],\"inLanguage\":\"pt-BR\"},{\"@type\":\"ImageObject\",\"inLanguage\":\"pt-BR\",\"@id\":\"https:\/\/www.rodamundo.tur.br\/blog\/depoimento-de-intercambio-na-africa-do-sul-larissa-vidigal\/#primaryimage\",\"url\":\"https:\/\/www.rodamundo.tur.br\/blog\/wp-content\/uploads\/2019\/02\/Depoimento-de-interc\u00e2mbio-na-\u00c1frica-do-Sul-Larissa-Vidigal-3.jpg\",\"contentUrl\":\"https:\/\/www.rodamundo.tur.br\/blog\/wp-content\/uploads\/2019\/02\/Depoimento-de-interc\u00e2mbio-na-\u00c1frica-do-Sul-Larissa-Vidigal-3.jpg\",\"width\":1092,\"height\":945},{\"@type\":\"WebPage\",\"@id\":\"https:\/\/www.rodamundo.tur.br\/blog\/depoimento-de-intercambio-na-africa-do-sul-larissa-vidigal\/#webpage\",\"url\":\"https:\/\/www.rodamundo.tur.br\/blog\/depoimento-de-intercambio-na-africa-do-sul-larissa-vidigal\/\",\"name\":\"Depoimento de Interc\u00e2mbio na \u00c1frica do Sul - Roda Mundo Interc\u00e2mbio\",\"isPartOf\":{\"@id\":\"https:\/\/www.rodamundo.tur.br\/blog\/#website\"},\"primaryImageOfPage\":{\"@id\":\"https:\/\/www.rodamundo.tur.br\/blog\/depoimento-de-intercambio-na-africa-do-sul-larissa-vidigal\/#primaryimage\"},\"datePublished\":\"2019-02-02T14:21:21+00:00\",\"dateModified\":\"2021-01-29T19:39:49+00:00\",\"author\":{\"@id\":\"https:\/\/www.rodamundo.tur.br\/blog\/#\/schema\/person\/87c288a1d9b04ee0a2ea2696554db958\"},\"description\":\"Depoimento de Interc\u00e2mbio na \u00c1frica do Sul da estudante Larissa Vidigal. Ela teve uma experi\u00eancia transformadora de interc\u00e2mbio na \u00c1frica do Sul.\",\"breadcrumb\":{\"@id\":\"https:\/\/www.rodamundo.tur.br\/blog\/depoimento-de-intercambio-na-africa-do-sul-larissa-vidigal\/#breadcrumb\"},\"inLanguage\":\"pt-BR\",\"potentialAction\":[{\"@type\":\"ReadAction\",\"target\":[\"https:\/\/www.rodamundo.tur.br\/blog\/depoimento-de-intercambio-na-africa-do-sul-larissa-vidigal\/\"]}]},{\"@type\":\"BreadcrumbList\",\"@id\":\"https:\/\/www.rodamundo.tur.br\/blog\/depoimento-de-intercambio-na-africa-do-sul-larissa-vidigal\/#breadcrumb\",\"itemListElement\":[{\"@type\":\"ListItem\",\"position\":1,\"name\":\"Home\",\"item\":\"https:\/\/www.rodamundo.tur.br\/blog\/\"},{\"@type\":\"ListItem\",\"position\":2,\"name\":\"TE CONTO COMO FOI DEPOIMENTO DE INTERC\u00c2MBIO NA \u00c1FRICA DO SUL LARISSA VIDIGAL\"}]},{\"@type\":\"Person\",\"@id\":\"https:\/\/www.rodamundo.tur.br\/blog\/#\/schema\/person\/87c288a1d9b04ee0a2ea2696554db958\",\"name\":\"Roda Mundo\",\"image\":{\"@type\":\"ImageObject\",\"inLanguage\":\"pt-BR\",\"@id\":\"https:\/\/www.rodamundo.tur.br\/blog\/#\/schema\/person\/image\/\",\"url\":\"https:\/\/secure.gravatar.com\/avatar\/4089cc054dfae87bd342769577008451?s=96&d=mm&r=g\",\"contentUrl\":\"https:\/\/secure.gravatar.com\/avatar\/4089cc054dfae87bd342769577008451?s=96&d=mm&r=g\",\"caption\":\"Roda Mundo\"},\"sameAs\":[\"https:\/\/www.rodamundo.tur.br\"],\"url\":\"https:\/\/www.rodamundo.tur.br\/blog\/author\/admin\/\"}]}<\/script>\n<!-- \/ Yoast SEO plugin. -->","yoast_head_json":{"title":"Depoimento de Interc\u00e2mbio na \u00c1frica do Sul - Roda Mundo Interc\u00e2mbio","description":"Depoimento de Interc\u00e2mbio na \u00c1frica do Sul da estudante Larissa Vidigal. Ela teve uma experi\u00eancia transformadora de interc\u00e2mbio na \u00c1frica do Sul.","robots":{"index":"index","follow":"follow","max-snippet":"max-snippet:-1","max-image-preview":"max-image-preview:large","max-video-preview":"max-video-preview:-1"},"canonical":"https:\/\/www.rodamundo.tur.br\/blog\/depoimento-de-intercambio-na-africa-do-sul-larissa-vidigal\/","og_locale":"pt_BR","og_type":"article","og_title":"Depoimento de Interc\u00e2mbio na \u00c1frica do Sul - Roda Mundo Interc\u00e2mbio","og_description":"Depoimento de Interc\u00e2mbio na \u00c1frica do Sul da estudante Larissa Vidigal. Ela teve uma experi\u00eancia transformadora de interc\u00e2mbio na \u00c1frica do Sul.","og_url":"https:\/\/www.rodamundo.tur.br\/blog\/depoimento-de-intercambio-na-africa-do-sul-larissa-vidigal\/","og_site_name":"Roda Mundo","article_published_time":"2019-02-02T14:21:21+00:00","article_modified_time":"2021-01-29T19:39:49+00:00","og_image":[{"width":1092,"height":945,"url":"https:\/\/www.rodamundo.tur.br\/blog\/wp-content\/uploads\/2019\/02\/Depoimento-de-interc\u00e2mbio-na-\u00c1frica-do-Sul-Larissa-Vidigal-3.jpg","type":"image\/jpeg"}],"author":"Roda Mundo","twitter_card":"summary","twitter_misc":{"Escrito por":"Roda Mundo","Est. tempo de leitura":"5 minutos"},"schema":{"@context":"https:\/\/schema.org","@graph":[{"@type":"WebSite","@id":"https:\/\/www.rodamundo.tur.br\/blog\/#website","url":"https:\/\/www.rodamundo.tur.br\/blog\/","name":"Roda Mundo","description":"Operadora de Interc\u00e2mbio e Viagens","potentialAction":[{"@type":"SearchAction","target":{"@type":"EntryPoint","urlTemplate":"https:\/\/www.rodamundo.tur.br\/blog\/?s={search_term_string}"},"query-input":"required name=search_term_string"}],"inLanguage":"pt-BR"},{"@type":"ImageObject","inLanguage":"pt-BR","@id":"https:\/\/www.rodamundo.tur.br\/blog\/depoimento-de-intercambio-na-africa-do-sul-larissa-vidigal\/#primaryimage","url":"https:\/\/www.rodamundo.tur.br\/blog\/wp-content\/uploads\/2019\/02\/Depoimento-de-interc\u00e2mbio-na-\u00c1frica-do-Sul-Larissa-Vidigal-3.jpg","contentUrl":"https:\/\/www.rodamundo.tur.br\/blog\/wp-content\/uploads\/2019\/02\/Depoimento-de-interc\u00e2mbio-na-\u00c1frica-do-Sul-Larissa-Vidigal-3.jpg","width":1092,"height":945},{"@type":"WebPage","@id":"https:\/\/www.rodamundo.tur.br\/blog\/depoimento-de-intercambio-na-africa-do-sul-larissa-vidigal\/#webpage","url":"https:\/\/www.rodamundo.tur.br\/blog\/depoimento-de-intercambio-na-africa-do-sul-larissa-vidigal\/","name":"Depoimento de Interc\u00e2mbio na \u00c1frica do Sul - Roda Mundo Interc\u00e2mbio","isPartOf":{"@id":"https:\/\/www.rodamundo.tur.br\/blog\/#website"},"primaryImageOfPage":{"@id":"https:\/\/www.rodamundo.tur.br\/blog\/depoimento-de-intercambio-na-africa-do-sul-larissa-vidigal\/#primaryimage"},"datePublished":"2019-02-02T14:21:21+00:00","dateModified":"2021-01-29T19:39:49+00:00","author":{"@id":"https:\/\/www.rodamundo.tur.br\/blog\/#\/schema\/person\/87c288a1d9b04ee0a2ea2696554db958"},"description":"Depoimento de Interc\u00e2mbio na \u00c1frica do Sul da estudante Larissa Vidigal. Ela teve uma experi\u00eancia transformadora de interc\u00e2mbio na \u00c1frica do Sul.","breadcrumb":{"@id":"https:\/\/www.rodamundo.tur.br\/blog\/depoimento-de-intercambio-na-africa-do-sul-larissa-vidigal\/#breadcrumb"},"inLanguage":"pt-BR","potentialAction":[{"@type":"ReadAction","target":["https:\/\/www.rodamundo.tur.br\/blog\/depoimento-de-intercambio-na-africa-do-sul-larissa-vidigal\/"]}]},{"@type":"BreadcrumbList","@id":"https:\/\/www.rodamundo.tur.br\/blog\/depoimento-de-intercambio-na-africa-do-sul-larissa-vidigal\/#breadcrumb","itemListElement":[{"@type":"ListItem","position":1,"name":"Home","item":"https:\/\/www.rodamundo.tur.br\/blog\/"},{"@type":"ListItem","position":2,"name":"TE CONTO COMO FOI DEPOIMENTO DE INTERC\u00c2MBIO NA \u00c1FRICA DO SUL LARISSA VIDIGAL"}]},{"@type":"Person","@id":"https:\/\/www.rodamundo.tur.br\/blog\/#\/schema\/person\/87c288a1d9b04ee0a2ea2696554db958","name":"Roda Mundo","image":{"@type":"ImageObject","inLanguage":"pt-BR","@id":"https:\/\/www.rodamundo.tur.br\/blog\/#\/schema\/person\/image\/","url":"https:\/\/secure.gravatar.com\/avatar\/4089cc054dfae87bd342769577008451?s=96&d=mm&r=g","contentUrl":"https:\/\/secure.gravatar.com\/avatar\/4089cc054dfae87bd342769577008451?s=96&d=mm&r=g","caption":"Roda Mundo"},"sameAs":["https:\/\/www.rodamundo.tur.br"],"url":"https:\/\/www.rodamundo.tur.br\/blog\/author\/admin\/"}]}},"_links":{"self":[{"href":"https:\/\/www.rodamundo.tur.br\/blog\/wp-json\/wp\/v2\/posts\/4455"}],"collection":[{"href":"https:\/\/www.rodamundo.tur.br\/blog\/wp-json\/wp\/v2\/posts"}],"about":[{"href":"https:\/\/www.rodamundo.tur.br\/blog\/wp-json\/wp\/v2\/types\/post"}],"author":[{"embeddable":true,"href":"https:\/\/www.rodamundo.tur.br\/blog\/wp-json\/wp\/v2\/users\/1"}],"replies":[{"embeddable":true,"href":"https:\/\/www.rodamundo.tur.br\/blog\/wp-json\/wp\/v2\/comments?post=4455"}],"version-history":[{"count":15,"href":"https:\/\/www.rodamundo.tur.br\/blog\/wp-json\/wp\/v2\/posts\/4455\/revisions"}],"predecessor-version":[{"id":6259,"href":"https:\/\/www.rodamundo.tur.br\/blog\/wp-json\/wp\/v2\/posts\/4455\/revisions\/6259"}],"wp:featuredmedia":[{"embeddable":true,"href":"https:\/\/www.rodamundo.tur.br\/blog\/wp-json\/wp\/v2\/media\/4459"}],"wp:attachment":[{"href":"https:\/\/www.rodamundo.tur.br\/blog\/wp-json\/wp\/v2\/media?parent=4455"}],"wp:term":[{"taxonomy":"category","embeddable":true,"href":"https:\/\/www.rodamundo.tur.br\/blog\/wp-json\/wp\/v2\/categories?post=4455"},{"taxonomy":"post_tag","embeddable":true,"href":"https:\/\/www.rodamundo.tur.br\/blog\/wp-json\/wp\/v2\/tags?post=4455"}],"curies":[{"name":"wp","href":"https:\/\/api.w.org\/{rel}","templated":true}]}}