{"id":2152,"date":"2017-07-24T16:30:28","date_gmt":"2017-07-24T19:30:28","guid":{"rendered":"https:\/\/www.rodamundo.tur.br\/blog\/?p=2152"},"modified":"2017-11-24T15:15:27","modified_gmt":"2017-11-24T17:15:27","slug":"intercambio-na-franca","status":"publish","type":"post","link":"https:\/\/www.rodamundo.tur.br\/blog\/intercambio-na-franca\/","title":{"rendered":"INTERC\u00c2MBIO NA FRAN\u00c7A <br> O GUIA PELO PA\u00cdS ROM\u00c2NTICO"},"content":{"rendered":"<p>Charmosa, rom\u00e2ntica e elegante. A <strong>Fran\u00e7a<\/strong> \u00e9 o destino com muita hist\u00f3ria e cultura. Fazer\u00a0<strong>interc\u00e2mbio na Fran\u00e7a\u00a0<\/strong>\u00e9 experimentar e viver uma experi\u00eancia inesquec\u00edvel. A\u00a0<strong>Roda Mundo\u00a0<\/strong>vai te apresentar o seu pr\u00f3ximo destino de <strong>interc\u00e2mbio<\/strong>.<\/p>\n<h2><strong>INTERC\u00c2MBIO NA FRAN\u00c7A \u2013 SOBRE O PA\u00cdS <\/strong><\/h2>\n<p style=\"text-align: center;\"><strong>\u201cS\u00f3 se v\u00ea bem com o cora\u00e7\u00e3o. O essencial \u00e9 invis\u00edvel aos olhos\u201d.<\/strong><\/p>\n<p style=\"text-align: center;\"><strong>Antoine de Saint-Exup\u00e9ry<\/strong><\/p>\n<p>A <strong>Fran\u00e7a<\/strong> ou <strong>Rep\u00fablica Francesa <\/strong>\u00e9 famosa por manter sua identidade e tradi\u00e7\u00e3o. Esse pa\u00eds \u00e9 considerado um dos protagonistas no desenvolvimento da civiliza\u00e7\u00e3o ocidental e \u00e9 um dos pa\u00edses mais influentes do mundo. Os franceses adoram reinventar o lazer, consumo, esporte, moda, arte e a vida. Por isso, a <strong>Fran\u00e7a<\/strong> continua sendo refer\u00eancia mundial em diversos campos, como as artes, pol\u00edtica, gastronomia e moda. Os sabores e aromas dos jardins floridos envolvem o viajante que fazem <strong>interc\u00e2mbio na Fran\u00e7a<\/strong>.<\/p>\n<figure id=\"attachment_2158\" aria-describedby=\"caption-attachment-2158\" style=\"width: 643px\" class=\"wp-caption aligncenter\"><img loading=\"lazy\" class=\" td-modal-image wp-image-2158 size-full\" src=\"https:\/\/www.rodamundo.tur.br\/blog\/wp-content\/uploads\/2017\/07\/Mapa-Fran\u00e7a-Interc\u00e2mbio-na-Fran\u00e7a.jpg\" alt=\"Mapa-Fran\u00e7a-Interc\u00e2mbio-na-Fran\u00e7a\" width=\"643\" height=\"645\" srcset=\"https:\/\/www.rodamundo.tur.br\/blog\/wp-content\/uploads\/2017\/07\/Mapa-Fran\u00e7a-Interc\u00e2mbio-na-Fran\u00e7a.jpg 643w, https:\/\/www.rodamundo.tur.br\/blog\/wp-content\/uploads\/2017\/07\/Mapa-Fran\u00e7a-Interc\u00e2mbio-na-Fran\u00e7a-150x150.jpg 150w, https:\/\/www.rodamundo.tur.br\/blog\/wp-content\/uploads\/2017\/07\/Mapa-Fran\u00e7a-Interc\u00e2mbio-na-Fran\u00e7a-300x300.jpg 300w, https:\/\/www.rodamundo.tur.br\/blog\/wp-content\/uploads\/2017\/07\/Mapa-Fran\u00e7a-Interc\u00e2mbio-na-Fran\u00e7a-419x420.jpg 419w\" sizes=\"(max-width: 643px) 100vw, 643px\" \/><figcaption id=\"caption-attachment-2158\" class=\"wp-caption-text\">Mapa-Fran\u00e7a-Interc\u00e2mbio-na-Fran\u00e7a<\/figcaption><\/figure>\n<p>A <strong>Fran\u00e7a<\/strong> \u00e9 um destino que atrai milh\u00f5es de <strong>estudantes brasileiros <\/strong>e turistas por possuir uma cultura e hist\u00f3ria t\u00e3o ricas. Possui diversas atra\u00e7\u00f5es, como mais de tr\u00eas mil museus espalhados pelo territ\u00f3rio e milhares de monumentos hist\u00f3ricos, como a simb\u00f3lica <strong>Torre Eiffel<\/strong>.<\/p>\n<figure id=\"attachment_2156\" aria-describedby=\"caption-attachment-2156\" style=\"width: 952px\" class=\"wp-caption aligncenter\"><img loading=\"lazy\" class=\" td-modal-image wp-image-2156 size-full\" src=\"https:\/\/www.rodamundo.tur.br\/blog\/wp-content\/uploads\/2017\/07\/Torre-Eiffel-Interc\u00e2mbio-na-Fran\u00e7a.jpg\" alt=\"Torre-Eiffel-Interc\u00e2mbio-na-Fran\u00e7a\" width=\"952\" height=\"642\" srcset=\"https:\/\/www.rodamundo.tur.br\/blog\/wp-content\/uploads\/2017\/07\/Torre-Eiffel-Interc\u00e2mbio-na-Fran\u00e7a.jpg 952w, https:\/\/www.rodamundo.tur.br\/blog\/wp-content\/uploads\/2017\/07\/Torre-Eiffel-Interc\u00e2mbio-na-Fran\u00e7a-300x202.jpg 300w, https:\/\/www.rodamundo.tur.br\/blog\/wp-content\/uploads\/2017\/07\/Torre-Eiffel-Interc\u00e2mbio-na-Fran\u00e7a-768x518.jpg 768w, https:\/\/www.rodamundo.tur.br\/blog\/wp-content\/uploads\/2017\/07\/Torre-Eiffel-Interc\u00e2mbio-na-Fran\u00e7a-696x469.jpg 696w, https:\/\/www.rodamundo.tur.br\/blog\/wp-content\/uploads\/2017\/07\/Torre-Eiffel-Interc\u00e2mbio-na-Fran\u00e7a-623x420.jpg 623w\" sizes=\"(max-width: 952px) 100vw, 952px\" \/><figcaption id=\"caption-attachment-2156\" class=\"wp-caption-text\">Torre-Eiffel-Interc\u00e2mbio-na-Fran\u00e7a<\/figcaption><\/figure>\n<p>A <strong>Fran\u00e7a<\/strong> conta com uma \u00e1rea de quase 650 mil km\u00b2 e uma popula\u00e7\u00e3o de cerca de 66 milh\u00f5es de pessoas. Entre os diversos cen\u00e1rios franceses, est\u00e3o mais de 5 mil km de litoral e a regi\u00e3o dos alpes. L\u00e1 fica o\u00a0<strong>Mont<\/strong> <strong>Blanc<\/strong>, maior pico da Europa Ocidental.<\/p>\n<figure id=\"attachment_2157\" aria-describedby=\"caption-attachment-2157\" style=\"width: 961px\" class=\"wp-caption aligncenter\"><img loading=\"lazy\" class=\" td-modal-image wp-image-2157 size-full\" src=\"https:\/\/www.rodamundo.tur.br\/blog\/wp-content\/uploads\/2017\/07\/Mont-Blanc-Interc\u00e2mbio-na-Fran\u00e7a.jpg\" alt=\"Mont-Blanc-Interc\u00e2mbio-na-Fran\u00e7a\" width=\"961\" height=\"641\" srcset=\"https:\/\/www.rodamundo.tur.br\/blog\/wp-content\/uploads\/2017\/07\/Mont-Blanc-Interc\u00e2mbio-na-Fran\u00e7a.jpg 961w, https:\/\/www.rodamundo.tur.br\/blog\/wp-content\/uploads\/2017\/07\/Mont-Blanc-Interc\u00e2mbio-na-Fran\u00e7a-300x200.jpg 300w, https:\/\/www.rodamundo.tur.br\/blog\/wp-content\/uploads\/2017\/07\/Mont-Blanc-Interc\u00e2mbio-na-Fran\u00e7a-768x512.jpg 768w, https:\/\/www.rodamundo.tur.br\/blog\/wp-content\/uploads\/2017\/07\/Mont-Blanc-Interc\u00e2mbio-na-Fran\u00e7a-696x464.jpg 696w, https:\/\/www.rodamundo.tur.br\/blog\/wp-content\/uploads\/2017\/07\/Mont-Blanc-Interc\u00e2mbio-na-Fran\u00e7a-630x420.jpg 630w\" sizes=\"(max-width: 961px) 100vw, 961px\" \/><figcaption id=\"caption-attachment-2157\" class=\"wp-caption-text\">Mont-Blanc-Interc\u00e2mbio-na-Fran\u00e7a<\/figcaption><\/figure>\n<blockquote><p><strong>N\u00e3o importa quanto tempo voc\u00ea vai ficar. Prepare-se que durante o seu interc\u00e2mbio na Fran\u00e7a porque voc\u00ea vai celebrar e conhecer lugares inesquec\u00edveis.<\/strong><\/p><\/blockquote>\n<h2><strong>INTERC\u00c2MBIO NA FRAN\u00c7A \u2013 PAISAGENS FRANCESAS <\/strong><\/h2>\n<p>As <strong>paisagens francesas<\/strong> variam desde praias com \u00e1guas cristalinas e fal\u00e9sias a castelos e igrejas hist\u00f3ricas. Seus olhos v\u00e3o se encantar por cada detalhe!<\/p>\n<p>A <strong>Gorges du Verdon<\/strong> ou <strong>Garganta de Verdon<\/strong> \u00e9 uma obra da natureza. Localizada nos <strong>Alpes de Haute Provence<\/strong>, as \u00e1guas turquesa do <strong>rio Verdon<\/strong> escavaram um gigantesco c\u00e2nion cercado por fal\u00e9sias de calc\u00e1rio. \u00c9 um lugar maravilhoso de beleza natural que atrai diversos turistas.<\/p>\n<p>O <strong>Gorges du Verdon<\/strong>\u00a0 tem diversos pontos como o <strong>Styx de Verdon<\/strong>. Um mini c\u00e2nion arredondado dentro do c\u00e2nion maior. Quando estiver l\u00e1, tamb\u00e9m visite a parte que fica entre <strong>Castellane<\/strong> e <strong>Moustiers-Sainte-Marie<\/strong>.<\/p>\n<figure id=\"attachment_2159\" aria-describedby=\"caption-attachment-2159\" style=\"width: 967px\" class=\"wp-caption aligncenter\"><img loading=\"lazy\" class=\" td-modal-image wp-image-2159 size-full\" src=\"https:\/\/www.rodamundo.tur.br\/blog\/wp-content\/uploads\/2017\/07\/Gorges-du-Verdon-Interc\u00e2mbio-na-Fran\u00e7a.jpg\" alt=\"Gorges-du-Verdon-Interc\u00e2mbio-na-Fran\u00e7a\" width=\"967\" height=\"644\" srcset=\"https:\/\/www.rodamundo.tur.br\/blog\/wp-content\/uploads\/2017\/07\/Gorges-du-Verdon-Interc\u00e2mbio-na-Fran\u00e7a.jpg 967w, https:\/\/www.rodamundo.tur.br\/blog\/wp-content\/uploads\/2017\/07\/Gorges-du-Verdon-Interc\u00e2mbio-na-Fran\u00e7a-300x200.jpg 300w, https:\/\/www.rodamundo.tur.br\/blog\/wp-content\/uploads\/2017\/07\/Gorges-du-Verdon-Interc\u00e2mbio-na-Fran\u00e7a-768x511.jpg 768w, https:\/\/www.rodamundo.tur.br\/blog\/wp-content\/uploads\/2017\/07\/Gorges-du-Verdon-Interc\u00e2mbio-na-Fran\u00e7a-696x464.jpg 696w, https:\/\/www.rodamundo.tur.br\/blog\/wp-content\/uploads\/2017\/07\/Gorges-du-Verdon-Interc\u00e2mbio-na-Fran\u00e7a-631x420.jpg 631w\" sizes=\"(max-width: 967px) 100vw, 967px\" \/><figcaption id=\"caption-attachment-2159\" class=\"wp-caption-text\">Gorges-du-Verdon-Interc\u00e2mbio-na-Fran\u00e7a<\/figcaption><\/figure>\n<p>Na parte de <strong>Valensole<\/strong> voc\u00ea tamb\u00e9m ir\u00e1 encontrar enormes campos de lavanda com um aroma delicado e um visual p\u00farpura.<\/p>\n<p>Quando estiver em <strong>Nice<\/strong>, n\u00e3o deixe de conhecer a <strong>Costa Azul<\/strong>. A <strong>Costa Azul<\/strong> faz fronteira com o Mar Mediterr\u00e2neo, indo de Toulon a Menton, na fronteira com a It\u00e1lia. A <strong>Riviera Francesa<\/strong>, como tamb\u00e9m \u00e9 conhecida, d\u00e1 lugar a uma das regi\u00f5es mais sofisticadas e belas do mundo. A paisagem \u00e9 um fen\u00f4meno natural composta por um mar azul, clima agrad\u00e1vel e uma estrada que percorre todo o litoral da regi\u00e3o. Outras cidades que tamb\u00e9m fazem parte da <strong>Costa Azul<\/strong> s\u00e3o M\u00f4naco, Nice, Cannes e Saint Tropez.<\/p>\n<figure id=\"attachment_2160\" aria-describedby=\"caption-attachment-2160\" style=\"width: 961px\" class=\"wp-caption aligncenter\"><img loading=\"lazy\" class=\" td-modal-image wp-image-2160 size-full\" src=\"https:\/\/www.rodamundo.tur.br\/blog\/wp-content\/uploads\/2017\/07\/Costa-Azul-Interc\u00e2mbio-na-Fran\u00e7a.jpg\" alt=\"Costa-Azul-Interc\u00e2mbio-na-Fran\u00e7a\" width=\"961\" height=\"646\" srcset=\"https:\/\/www.rodamundo.tur.br\/blog\/wp-content\/uploads\/2017\/07\/Costa-Azul-Interc\u00e2mbio-na-Fran\u00e7a.jpg 961w, https:\/\/www.rodamundo.tur.br\/blog\/wp-content\/uploads\/2017\/07\/Costa-Azul-Interc\u00e2mbio-na-Fran\u00e7a-300x202.jpg 300w, https:\/\/www.rodamundo.tur.br\/blog\/wp-content\/uploads\/2017\/07\/Costa-Azul-Interc\u00e2mbio-na-Fran\u00e7a-768x516.jpg 768w, https:\/\/www.rodamundo.tur.br\/blog\/wp-content\/uploads\/2017\/07\/Costa-Azul-Interc\u00e2mbio-na-Fran\u00e7a-696x468.jpg 696w, https:\/\/www.rodamundo.tur.br\/blog\/wp-content\/uploads\/2017\/07\/Costa-Azul-Interc\u00e2mbio-na-Fran\u00e7a-625x420.jpg 625w\" sizes=\"(max-width: 961px) 100vw, 961px\" \/><figcaption id=\"caption-attachment-2160\" class=\"wp-caption-text\">Costa-Azul-Interc\u00e2mbio-na-Fran\u00e7a<\/figcaption><\/figure>\n<p>Outra obra da natureza na <strong>Fran\u00e7a<\/strong> s\u00e3o as <strong>Fal\u00e9sias de \u00c9tretat<\/strong>. Localizada na pequena aldeia de \u00c9tretat, s\u00e3o enormes penhascos de giz branco. A beleza das fal\u00e9sias de Aval inspiraram grandes artistas como Monet e Maupassant.<\/p>\n<figure id=\"attachment_2161\" aria-describedby=\"caption-attachment-2161\" style=\"width: 958px\" class=\"wp-caption aligncenter\"><img loading=\"lazy\" class=\" td-modal-image wp-image-2161 size-full\" src=\"https:\/\/www.rodamundo.tur.br\/blog\/wp-content\/uploads\/2017\/07\/Fal\u00e9sias-de-\u00c9tretat-Interc\u00e2mbio-na-Fran\u00e7a.jpg\" alt=\"Fal\u00e9sias-de-\u00c9tretat-Interc\u00e2mbio-na-Fran\u00e7a\" width=\"958\" height=\"643\" srcset=\"https:\/\/www.rodamundo.tur.br\/blog\/wp-content\/uploads\/2017\/07\/Fal\u00e9sias-de-\u00c9tretat-Interc\u00e2mbio-na-Fran\u00e7a.jpg 958w, https:\/\/www.rodamundo.tur.br\/blog\/wp-content\/uploads\/2017\/07\/Fal\u00e9sias-de-\u00c9tretat-Interc\u00e2mbio-na-Fran\u00e7a-300x201.jpg 300w, https:\/\/www.rodamundo.tur.br\/blog\/wp-content\/uploads\/2017\/07\/Fal\u00e9sias-de-\u00c9tretat-Interc\u00e2mbio-na-Fran\u00e7a-768x515.jpg 768w, https:\/\/www.rodamundo.tur.br\/blog\/wp-content\/uploads\/2017\/07\/Fal\u00e9sias-de-\u00c9tretat-Interc\u00e2mbio-na-Fran\u00e7a-696x467.jpg 696w, https:\/\/www.rodamundo.tur.br\/blog\/wp-content\/uploads\/2017\/07\/Fal\u00e9sias-de-\u00c9tretat-Interc\u00e2mbio-na-Fran\u00e7a-626x420.jpg 626w\" sizes=\"(max-width: 958px) 100vw, 958px\" \/><figcaption id=\"caption-attachment-2161\" class=\"wp-caption-text\">Fal\u00e9sias-de-\u00c9tretat-Interc\u00e2mbio-na-Fran\u00e7a<\/figcaption><\/figure>\n<p>No <strong>Canal Ingl\u00eas<\/strong>, o penhasco <strong>Manneporte<\/strong> \u00e9 conhecido por seu arco que comp\u00f5e uma porta de entrada no oceano. Quando estiver na aldeia n\u00e3o deixe de conhecer o mercado medieval Halles e descubra as antigas mans\u00f5es que comp\u00f5em a regi\u00e3o.<\/p>\n<h3><strong>PARQUES FRANCESES\u00a0<\/strong><\/h3>\n<p>O<strong> Parc Naturel R\u00e9gional de Carmargue<\/strong>\u00a0ou<strong> Parque Natural Regional de Camargue <\/strong>\u00e9 um s\u00edtio de reserva natural. O <strong>Rio R\u00f3dano<\/strong> e a <strong>lagoa \u00c9tang de Vaccar\u00e8s<\/strong> fazem parte dessa reserva. Com enormes \u00e1reas \u00famidas, a reserva tem valor bot\u00e2nico e zool\u00f3gico. O Parque abriga uma col\u00f4nia de flamengos rosas, cavalos e touros. Quando estiver l\u00e1, fa\u00e7a uma descoberta do Parque a cavalo e aproveite toda a paisagem!<\/p>\n<figure id=\"attachment_2162\" aria-describedby=\"caption-attachment-2162\" style=\"width: 950px\" class=\"wp-caption aligncenter\"><img loading=\"lazy\" class=\" td-modal-image wp-image-2162 size-full\" src=\"https:\/\/www.rodamundo.tur.br\/blog\/wp-content\/uploads\/2017\/07\/Parc-Naturel-R\u00e9gional-de-Carmargue-Interc\u00e2mbio-na-Fran\u00e7a.jpg\" alt=\"Parc-Naturel-R\u00e9gional-de-Carmargue-Interc\u00e2mbio-na-Fran\u00e7a\" width=\"950\" height=\"639\" srcset=\"https:\/\/www.rodamundo.tur.br\/blog\/wp-content\/uploads\/2017\/07\/Parc-Naturel-R\u00e9gional-de-Carmargue-Interc\u00e2mbio-na-Fran\u00e7a.jpg 950w, https:\/\/www.rodamundo.tur.br\/blog\/wp-content\/uploads\/2017\/07\/Parc-Naturel-R\u00e9gional-de-Carmargue-Interc\u00e2mbio-na-Fran\u00e7a-300x202.jpg 300w, https:\/\/www.rodamundo.tur.br\/blog\/wp-content\/uploads\/2017\/07\/Parc-Naturel-R\u00e9gional-de-Carmargue-Interc\u00e2mbio-na-Fran\u00e7a-768x517.jpg 768w, https:\/\/www.rodamundo.tur.br\/blog\/wp-content\/uploads\/2017\/07\/Parc-Naturel-R\u00e9gional-de-Carmargue-Interc\u00e2mbio-na-Fran\u00e7a-696x468.jpg 696w, https:\/\/www.rodamundo.tur.br\/blog\/wp-content\/uploads\/2017\/07\/Parc-Naturel-R\u00e9gional-de-Carmargue-Interc\u00e2mbio-na-Fran\u00e7a-624x420.jpg 624w\" sizes=\"(max-width: 950px) 100vw, 950px\" \/><figcaption id=\"caption-attachment-2162\" class=\"wp-caption-text\">Parc-Naturel-R\u00e9gional-de-Carmargue-Interc\u00e2mbio-na-Fran\u00e7a<\/figcaption><\/figure>\n<p>O Parque \u00e9 reconhecido pela UNESCO como um dos Patrim\u00f4nios da Humanidade e uma\u00a0<a href=\"https:\/\/translate.googleusercontent.com\/translate_c?depth=1&amp;hl=pt-BR&amp;prev=search&amp;rurl=translate.google.com.br&amp;sl=en&amp;sp=nmt4&amp;u=https:\/\/en.wikipedia.org\/wiki\/Biosphere_reserve&amp;usg=ALkJrhjjwlC32xpr6M0laYRjrkoS5jhLMg\">reserva de biosfera<\/a><\/p>\n<p>O <strong>Parque Natural Regional dos Vulc\u00f5es<\/strong> <strong>de Auvergne<\/strong> ou <strong>Auv\u00e9rnia<\/strong> \u00e9 surpreendente. \u00c9 o maior parque do g\u00eanero da Europa. Todos os vulc\u00f5es est\u00e3o adormecidos h\u00e1 anos criando uma paisagem que voc\u00ea precisa ver pelo menos uma vez na vida. Voc\u00ea pode conhecer o Parque \u00e0 cavalo ou a p\u00e9.<\/p>\n<blockquote>\n<p style=\"text-align: center;\"><strong>A dica Roda Mundo \u00e9 fazer uma caminhada para descobrir cada detalhe do Parque.<\/strong><\/p>\n<\/blockquote>\n<h2><strong>INTERC\u00c2MBIO NA FRAN\u00c7A \u2013 GASTRONOMIA FRANCESA <\/strong><\/h2>\n<p>A <strong>cozinha francesa<\/strong> \u00e9 encantadora e uma das mais importantes do mundo. Os franceses s\u00e3o refer\u00eancias em diversos assuntos da culin\u00e1ria, mas principalmente sobre confeitaria. A <strong>Le Cordon Bleu <\/strong>ou fita azul \u00e9 uma das mais famosas. Aberta em 1895, \u00e9 uma das melhores escolas de culin\u00e1rias do mundo.<\/p>\n<figure id=\"attachment_2163\" aria-describedby=\"caption-attachment-2163\" style=\"width: 613px\" class=\"wp-caption aligncenter\"><img loading=\"lazy\" class=\" td-modal-image wp-image-2163 size-full\" src=\"https:\/\/www.rodamundo.tur.br\/blog\/wp-content\/uploads\/2017\/07\/Le-Cordon-Bleu-Interc\u00e2mbio-na-Fran\u00e7a.jpg\" alt=\"Le-Cordon-Bleu-Interc\u00e2mbio-na-Fran\u00e7a\" width=\"613\" height=\"640\" srcset=\"https:\/\/www.rodamundo.tur.br\/blog\/wp-content\/uploads\/2017\/07\/Le-Cordon-Bleu-Interc\u00e2mbio-na-Fran\u00e7a.jpg 613w, https:\/\/www.rodamundo.tur.br\/blog\/wp-content\/uploads\/2017\/07\/Le-Cordon-Bleu-Interc\u00e2mbio-na-Fran\u00e7a-287x300.jpg 287w, https:\/\/www.rodamundo.tur.br\/blog\/wp-content\/uploads\/2017\/07\/Le-Cordon-Bleu-Interc\u00e2mbio-na-Fran\u00e7a-402x420.jpg 402w\" sizes=\"(max-width: 613px) 100vw, 613px\" \/><figcaption id=\"caption-attachment-2163\" class=\"wp-caption-text\">Le-Cordon-Bleu-Interc\u00e2mbio-na-Fran\u00e7a<\/figcaption><\/figure>\n<p>O card\u00e1pio franc\u00eas apresenta uma grande diversidade de pratos com grande prest\u00edgio no mundo. Durante o seu <strong>interc\u00e2mbio na Fran\u00e7a<\/strong>, voc\u00ea vai encontrar uma grande variedade de queijos, vinhos, carnes e doces. Quando estiver na <strong>Fran\u00e7a<\/strong>, n\u00e3o deixe de experimentar os grandes conhecidos da culin\u00e1ria mundial como <strong>croissant<\/strong>, <strong>ratatouille<\/strong>, <strong>petit<\/strong> <strong>g\u00e2teau<\/strong> e <strong>creme<\/strong> <strong>br\u00fbl\u00e9e<\/strong>.<\/p>\n<figure id=\"attachment_2164\" aria-describedby=\"caption-attachment-2164\" style=\"width: 959px\" class=\"wp-caption aligncenter\"><img loading=\"lazy\" class=\" td-modal-image wp-image-2164 size-full\" src=\"https:\/\/www.rodamundo.tur.br\/blog\/wp-content\/uploads\/2017\/07\/Ratatouille-Interc\u00e2mbio-na-Fran\u00e7a.jpg\" alt=\"Ratatouille-Interc\u00e2mbio-na-Fran\u00e7a\" width=\"959\" height=\"639\" srcset=\"https:\/\/www.rodamundo.tur.br\/blog\/wp-content\/uploads\/2017\/07\/Ratatouille-Interc\u00e2mbio-na-Fran\u00e7a.jpg 959w, https:\/\/www.rodamundo.tur.br\/blog\/wp-content\/uploads\/2017\/07\/Ratatouille-Interc\u00e2mbio-na-Fran\u00e7a-300x200.jpg 300w, https:\/\/www.rodamundo.tur.br\/blog\/wp-content\/uploads\/2017\/07\/Ratatouille-Interc\u00e2mbio-na-Fran\u00e7a-768x512.jpg 768w, https:\/\/www.rodamundo.tur.br\/blog\/wp-content\/uploads\/2017\/07\/Ratatouille-Interc\u00e2mbio-na-Fran\u00e7a-696x464.jpg 696w, https:\/\/www.rodamundo.tur.br\/blog\/wp-content\/uploads\/2017\/07\/Ratatouille-Interc\u00e2mbio-na-Fran\u00e7a-630x420.jpg 630w\" sizes=\"(max-width: 959px) 100vw, 959px\" \/><figcaption id=\"caption-attachment-2164\" class=\"wp-caption-text\">Ratatouille-Interc\u00e2mbio-na-Fran\u00e7a<\/figcaption><\/figure>\n<figure id=\"attachment_2165\" aria-describedby=\"caption-attachment-2165\" style=\"width: 977px\" class=\"wp-caption aligncenter\"><img loading=\"lazy\" class=\" td-modal-image wp-image-2165 size-full\" src=\"https:\/\/www.rodamundo.tur.br\/blog\/wp-content\/uploads\/2017\/07\/Creme-Br\u00fbl\u00e9e-Interc\u00e2mbio-na-Fran\u00e7a.jpg\" alt=\"Creme-Br\u00fbl\u00e9e-Interc\u00e2mbio-na-Fran\u00e7a\" width=\"977\" height=\"638\" srcset=\"https:\/\/www.rodamundo.tur.br\/blog\/wp-content\/uploads\/2017\/07\/Creme-Br\u00fbl\u00e9e-Interc\u00e2mbio-na-Fran\u00e7a.jpg 977w, https:\/\/www.rodamundo.tur.br\/blog\/wp-content\/uploads\/2017\/07\/Creme-Br\u00fbl\u00e9e-Interc\u00e2mbio-na-Fran\u00e7a-300x196.jpg 300w, https:\/\/www.rodamundo.tur.br\/blog\/wp-content\/uploads\/2017\/07\/Creme-Br\u00fbl\u00e9e-Interc\u00e2mbio-na-Fran\u00e7a-768x502.jpg 768w, https:\/\/www.rodamundo.tur.br\/blog\/wp-content\/uploads\/2017\/07\/Creme-Br\u00fbl\u00e9e-Interc\u00e2mbio-na-Fran\u00e7a-696x455.jpg 696w, https:\/\/www.rodamundo.tur.br\/blog\/wp-content\/uploads\/2017\/07\/Creme-Br\u00fbl\u00e9e-Interc\u00e2mbio-na-Fran\u00e7a-643x420.jpg 643w\" sizes=\"(max-width: 977px) 100vw, 977px\" \/><figcaption id=\"caption-attachment-2165\" class=\"wp-caption-text\">Creme-Br\u00fbl\u00e9e-Interc\u00e2mbio-na-Fran\u00e7a<\/figcaption><\/figure>\n<p>Tamb\u00e9m n\u00e3o deixe de experimentar os outros tradicionais<strong> pratos franceses<\/strong> como o <strong>quiche lorraine<\/strong>,<strong> polenta com ratatouille<\/strong>,<strong> sopa de cebola<\/strong>,<strong> cassoulet<\/strong>,<strong> batatas gratinadas<\/strong>\u00a0(<strong>gratin dauphinois<\/strong>),<strong> escargots e fondues<\/strong>. As sobremesas v\u00e3o encantar o seu paladar como o <strong>crepe suzette<\/strong>,<strong> madeleine com especiarias<\/strong>,<strong> macarons <\/strong>e<strong> crepes<\/strong>.<\/p>\n<figure id=\"attachment_2166\" aria-describedby=\"caption-attachment-2166\" style=\"width: 968px\" class=\"wp-caption aligncenter\"><img loading=\"lazy\" class=\" td-modal-image wp-image-2166 size-full\" src=\"https:\/\/www.rodamundo.tur.br\/blog\/wp-content\/uploads\/2017\/07\/Cassoulet-Interc\u00e2mbio-na-Fran\u00e7a.jpg\" alt=\"Cassoulet-Interc\u00e2mbio-na-Fran\u00e7a\" width=\"968\" height=\"647\" srcset=\"https:\/\/www.rodamundo.tur.br\/blog\/wp-content\/uploads\/2017\/07\/Cassoulet-Interc\u00e2mbio-na-Fran\u00e7a.jpg 968w, https:\/\/www.rodamundo.tur.br\/blog\/wp-content\/uploads\/2017\/07\/Cassoulet-Interc\u00e2mbio-na-Fran\u00e7a-300x201.jpg 300w, https:\/\/www.rodamundo.tur.br\/blog\/wp-content\/uploads\/2017\/07\/Cassoulet-Interc\u00e2mbio-na-Fran\u00e7a-768x513.jpg 768w, https:\/\/www.rodamundo.tur.br\/blog\/wp-content\/uploads\/2017\/07\/Cassoulet-Interc\u00e2mbio-na-Fran\u00e7a-696x465.jpg 696w, https:\/\/www.rodamundo.tur.br\/blog\/wp-content\/uploads\/2017\/07\/Cassoulet-Interc\u00e2mbio-na-Fran\u00e7a-628x420.jpg 628w\" sizes=\"(max-width: 968px) 100vw, 968px\" \/><figcaption id=\"caption-attachment-2166\" class=\"wp-caption-text\">Cassoulet-Interc\u00e2mbio-na-Fran\u00e7a<\/figcaption><\/figure>\n<figure id=\"attachment_2167\" aria-describedby=\"caption-attachment-2167\" style=\"width: 956px\" class=\"wp-caption aligncenter\"><img loading=\"lazy\" class=\" td-modal-image wp-image-2167 size-full\" src=\"https:\/\/www.rodamundo.tur.br\/blog\/wp-content\/uploads\/2017\/07\/Macarons-Interc\u00e2mbio-na-Fran\u00e7a.jpg\" alt=\"Macarons-Interc\u00e2mbio-na-Fran\u00e7a\" width=\"956\" height=\"638\" srcset=\"https:\/\/www.rodamundo.tur.br\/blog\/wp-content\/uploads\/2017\/07\/Macarons-Interc\u00e2mbio-na-Fran\u00e7a.jpg 956w, https:\/\/www.rodamundo.tur.br\/blog\/wp-content\/uploads\/2017\/07\/Macarons-Interc\u00e2mbio-na-Fran\u00e7a-300x200.jpg 300w, https:\/\/www.rodamundo.tur.br\/blog\/wp-content\/uploads\/2017\/07\/Macarons-Interc\u00e2mbio-na-Fran\u00e7a-768x513.jpg 768w, https:\/\/www.rodamundo.tur.br\/blog\/wp-content\/uploads\/2017\/07\/Macarons-Interc\u00e2mbio-na-Fran\u00e7a-696x464.jpg 696w, https:\/\/www.rodamundo.tur.br\/blog\/wp-content\/uploads\/2017\/07\/Macarons-Interc\u00e2mbio-na-Fran\u00e7a-629x420.jpg 629w\" sizes=\"(max-width: 956px) 100vw, 956px\" \/><figcaption id=\"caption-attachment-2167\" class=\"wp-caption-text\">Macarons-Interc\u00e2mbio-na-Fran\u00e7a<\/figcaption><\/figure>\n<blockquote>\n<p style=\"text-align: center;\"><strong>A dica Roda Mundo durante o seu interc\u00e2mbio na Fran\u00e7a \u00e9 reunir os amigos e aproveitar todas essas deliciosas receitas.<\/strong><\/p>\n<\/blockquote>\n<h2><strong>INTERC\u00c2MBIO NA FRAN\u00c7A \u2013 ROTEIRO TUR\u00cdSTICO <\/strong><\/h2>\n<p>A <strong>Roda Mundo<\/strong> vai te apresentar os <strong>principais pontos tur\u00edsticos da Fran\u00e7a<\/strong> para voc\u00ea ter um <strong>interc\u00e2mbio<\/strong> repleto de divers\u00e3o! S\u00e3o catedrais, castelos, museus e jardins franceses sentir toda <strong>cultura francesa<\/strong>.<\/p>\n<p>A <strong>Catedral de Notre-Dame<\/strong> em Paris, sobre a <strong>\u00cele de la Cit\u00e9<\/strong> \u00e9 uma das catedrais mais antigas e mais belas da <strong>Fran\u00e7a<\/strong>. Com seu estilo g\u00f3tico, a Catedral come\u00e7ou a ser constru\u00edda em 1163 e \u00e9 dedicada a Maria, M\u00e3e de Jesus Cristo.<\/p>\n<figure id=\"attachment_2172\" aria-describedby=\"caption-attachment-2172\" style=\"width: 966px\" class=\"wp-caption aligncenter\"><img loading=\"lazy\" class=\" td-modal-image wp-image-2172 size-full\" src=\"https:\/\/www.rodamundo.tur.br\/blog\/wp-content\/uploads\/2017\/07\/Catedral-de-Notre-Dame-Interc\u00e2mbio-na-Fran\u00e7a.jpg\" alt=\"Catedral-de-Notre-Dame-Interc\u00e2mbio-na-Fran\u00e7a\" width=\"966\" height=\"646\" srcset=\"https:\/\/www.rodamundo.tur.br\/blog\/wp-content\/uploads\/2017\/07\/Catedral-de-Notre-Dame-Interc\u00e2mbio-na-Fran\u00e7a.jpg 966w, https:\/\/www.rodamundo.tur.br\/blog\/wp-content\/uploads\/2017\/07\/Catedral-de-Notre-Dame-Interc\u00e2mbio-na-Fran\u00e7a-300x201.jpg 300w, https:\/\/www.rodamundo.tur.br\/blog\/wp-content\/uploads\/2017\/07\/Catedral-de-Notre-Dame-Interc\u00e2mbio-na-Fran\u00e7a-768x514.jpg 768w, https:\/\/www.rodamundo.tur.br\/blog\/wp-content\/uploads\/2017\/07\/Catedral-de-Notre-Dame-Interc\u00e2mbio-na-Fran\u00e7a-696x465.jpg 696w, https:\/\/www.rodamundo.tur.br\/blog\/wp-content\/uploads\/2017\/07\/Catedral-de-Notre-Dame-Interc\u00e2mbio-na-Fran\u00e7a-628x420.jpg 628w\" sizes=\"(max-width: 966px) 100vw, 966px\" \/><figcaption id=\"caption-attachment-2172\" class=\"wp-caption-text\">Catedral-de-Notre-Dame-Interc\u00e2mbio-na-Fran\u00e7a<\/figcaption><\/figure>\n<p>O Pal\u00e1cio ou <strong>Castelo de Versalhes<\/strong> carrega muita hist\u00f3ria. Localizada na cidade de <strong>Versalhes<\/strong> \u00e9 um dos grandes museus franceses e recebe milhares de visitas a cada ano. O jardim em volta do <strong>Castelo de<\/strong> <strong>Versalhes<\/strong> conta com jardins maravilhosos criado por Le N\u00f4tre.<\/p>\n<figure id=\"attachment_2173\" aria-describedby=\"caption-attachment-2173\" style=\"width: 970px\" class=\"wp-caption aligncenter\"><img loading=\"lazy\" class=\" td-modal-image wp-image-2173 size-full\" src=\"https:\/\/www.rodamundo.tur.br\/blog\/wp-content\/uploads\/2017\/07\/Castelo-de-Versalhes-Interc\u00e2bio-na-Fran\u00e7a.jpg\" alt=\"Castelo-de-Versalhes-Interc\u00e2bio-na-Fran\u00e7a\" width=\"970\" height=\"646\" srcset=\"https:\/\/www.rodamundo.tur.br\/blog\/wp-content\/uploads\/2017\/07\/Castelo-de-Versalhes-Interc\u00e2bio-na-Fran\u00e7a.jpg 970w, https:\/\/www.rodamundo.tur.br\/blog\/wp-content\/uploads\/2017\/07\/Castelo-de-Versalhes-Interc\u00e2bio-na-Fran\u00e7a-300x200.jpg 300w, https:\/\/www.rodamundo.tur.br\/blog\/wp-content\/uploads\/2017\/07\/Castelo-de-Versalhes-Interc\u00e2bio-na-Fran\u00e7a-768x511.jpg 768w, https:\/\/www.rodamundo.tur.br\/blog\/wp-content\/uploads\/2017\/07\/Castelo-de-Versalhes-Interc\u00e2bio-na-Fran\u00e7a-696x464.jpg 696w, https:\/\/www.rodamundo.tur.br\/blog\/wp-content\/uploads\/2017\/07\/Castelo-de-Versalhes-Interc\u00e2bio-na-Fran\u00e7a-631x420.jpg 631w\" sizes=\"(max-width: 970px) 100vw, 970px\" \/><figcaption id=\"caption-attachment-2173\" class=\"wp-caption-text\">Castelo-de-Versalhes-Interc\u00e2bio-na-Fran\u00e7a<\/figcaption><\/figure>\n<blockquote><p><strong>A dica Roda Mundo \u00e9 alugar uma bicicleta, ir para o final do Grand Canal e assistir o p\u00f4r do sol sobre a \u00e1gua e o castelo.<\/strong><\/p><\/blockquote>\n<p>Um clima perfeito para aproveitar ainda mais o seu <strong>interc\u00e2mbio na<\/strong> <strong>Fran\u00e7a<\/strong>.<\/p>\n<p style=\"text-align: center;\"><strong><a href=\"https:\/\/www.rodamundo.tur.br\/programa-de-trabalho-na-franca\/\">PROGRAMA DE TRABALHO NA FRAN\u00c7A<\/a><\/strong><\/p>\n<p>Uma das paisagens mais famosas da <strong>Fran\u00e7a<\/strong> \u00e9 a pequena cidade de <strong>Mont-Saint-Michael<\/strong>. Situada no topo de ilha rochosa, l\u00e1 foi constru\u00eddo uma abadia e um santu\u00e1rio em homenagem ao arcanjo S\u00e3o Miguel.<\/p>\n<figure id=\"attachment_2174\" aria-describedby=\"caption-attachment-2174\" style=\"width: 965px\" class=\"wp-caption aligncenter\"><img loading=\"lazy\" class=\" td-modal-image wp-image-2174 size-full\" src=\"https:\/\/www.rodamundo.tur.br\/blog\/wp-content\/uploads\/2017\/07\/Mont-Saint-Michael-Interc\u00e2mbio-na-Fran\u00e7a.jpg\" alt=\"Mont-Saint-Michael-Interc\u00e2mbio-na-Fran\u00e7a\" width=\"965\" height=\"641\" srcset=\"https:\/\/www.rodamundo.tur.br\/blog\/wp-content\/uploads\/2017\/07\/Mont-Saint-Michael-Interc\u00e2mbio-na-Fran\u00e7a.jpg 965w, https:\/\/www.rodamundo.tur.br\/blog\/wp-content\/uploads\/2017\/07\/Mont-Saint-Michael-Interc\u00e2mbio-na-Fran\u00e7a-300x199.jpg 300w, https:\/\/www.rodamundo.tur.br\/blog\/wp-content\/uploads\/2017\/07\/Mont-Saint-Michael-Interc\u00e2mbio-na-Fran\u00e7a-768x510.jpg 768w, https:\/\/www.rodamundo.tur.br\/blog\/wp-content\/uploads\/2017\/07\/Mont-Saint-Michael-Interc\u00e2mbio-na-Fran\u00e7a-696x462.jpg 696w, https:\/\/www.rodamundo.tur.br\/blog\/wp-content\/uploads\/2017\/07\/Mont-Saint-Michael-Interc\u00e2mbio-na-Fran\u00e7a-632x420.jpg 632w\" sizes=\"(max-width: 965px) 100vw, 965px\" \/><figcaption id=\"caption-attachment-2174\" class=\"wp-caption-text\">Mont-Saint-Michael-Interc\u00e2mbio-na-Fran\u00e7a<\/figcaption><\/figure>\n<p>A aldeia recebe diversos visitantes. Quando a mar\u00e9 est\u00e1 baixa, os visitantes podem caminhar do continente para a ilha. Mas, fique atento porque \u00e0s \u00e1guas sobrem r\u00e1pido e cobrem o caminho de areia. O <strong>Mont-Saint-Michael <\/strong>foi declarado monumento hist\u00f3rico em\u00a0<a href=\"https:\/\/pt.wikipedia.org\/wiki\/1987\">1987<\/a>. Em 1979 entrou para a lista de Patrim\u00f4nio Mundial da UNESCO.<\/p>\n<h3><strong>OS LUGARES MAIS FAMOSOS DA FRAN\u00c7A<\/strong><\/h3>\n<p>O <strong>Museu do Louvre<\/strong>, em <strong>Paris<\/strong>, \u00e9 um dos maiores e mais famosos do mundo. Bem no centro da cidade e entre o Rio Sena e a Avenida Champs \u00c8lys\u00e8es. L\u00e1, voc\u00ea vai poder ver obras important\u00edssimas como o quadro da Mona Lisa, V\u00eanes de Milo e Vit\u00f3ria de Samotr\u00e1cia. H\u00e1 tamb\u00e9m obras de grandes artistas como Goya, Rubens, Michelangelo, Rembrandt e Ticiano.<\/p>\n<figure id=\"attachment_2175\" aria-describedby=\"caption-attachment-2175\" style=\"width: 966px\" class=\"wp-caption aligncenter\"><img loading=\"lazy\" class=\" td-modal-image wp-image-2175 size-full\" src=\"https:\/\/www.rodamundo.tur.br\/blog\/wp-content\/uploads\/2017\/07\/Museu-do-Louvre-Interc\u00e2mbio-na-Fran\u00e7a.jpg\" alt=\"Museu-do-Louvre-Interc\u00e2mbio-na-Fran\u00e7a\" width=\"966\" height=\"646\" srcset=\"https:\/\/www.rodamundo.tur.br\/blog\/wp-content\/uploads\/2017\/07\/Museu-do-Louvre-Interc\u00e2mbio-na-Fran\u00e7a.jpg 966w, https:\/\/www.rodamundo.tur.br\/blog\/wp-content\/uploads\/2017\/07\/Museu-do-Louvre-Interc\u00e2mbio-na-Fran\u00e7a-300x201.jpg 300w, https:\/\/www.rodamundo.tur.br\/blog\/wp-content\/uploads\/2017\/07\/Museu-do-Louvre-Interc\u00e2mbio-na-Fran\u00e7a-768x514.jpg 768w, https:\/\/www.rodamundo.tur.br\/blog\/wp-content\/uploads\/2017\/07\/Museu-do-Louvre-Interc\u00e2mbio-na-Fran\u00e7a-696x465.jpg 696w, https:\/\/www.rodamundo.tur.br\/blog\/wp-content\/uploads\/2017\/07\/Museu-do-Louvre-Interc\u00e2mbio-na-Fran\u00e7a-628x420.jpg 628w\" sizes=\"(max-width: 966px) 100vw, 966px\" \/><figcaption id=\"caption-attachment-2175\" class=\"wp-caption-text\">Museu-do-Louvre-Interc\u00e2mbio-na-Fran\u00e7a<\/figcaption><\/figure>\n<p>Outro marco importante do museu \u00e9 a pir\u00e2mide de vidro do chin\u00eas Ming Pei. Com certeza o <strong>Louvre<\/strong> \u00e9 uma das maiores mostras de culturas do mundo.<\/p>\n<figure id=\"attachment_2176\" aria-describedby=\"caption-attachment-2176\" style=\"width: 1186px\" class=\"wp-caption aligncenter\"><img loading=\"lazy\" class=\" td-modal-image wp-image-2176 size-full\" src=\"https:\/\/www.rodamundo.tur.br\/blog\/wp-content\/uploads\/2017\/07\/Pir\u00e2mide-de-vidro-Interc\u00e2mbio-na-Fran\u00e7a.jpg\" alt=\"Pir\u00e2mide-de-vidro-Interc\u00e2mbio-na-Fran\u00e7a\" width=\"1186\" height=\"642\" srcset=\"https:\/\/www.rodamundo.tur.br\/blog\/wp-content\/uploads\/2017\/07\/Pir\u00e2mide-de-vidro-Interc\u00e2mbio-na-Fran\u00e7a.jpg 1186w, https:\/\/www.rodamundo.tur.br\/blog\/wp-content\/uploads\/2017\/07\/Pir\u00e2mide-de-vidro-Interc\u00e2mbio-na-Fran\u00e7a-300x162.jpg 300w, https:\/\/www.rodamundo.tur.br\/blog\/wp-content\/uploads\/2017\/07\/Pir\u00e2mide-de-vidro-Interc\u00e2mbio-na-Fran\u00e7a-768x416.jpg 768w, https:\/\/www.rodamundo.tur.br\/blog\/wp-content\/uploads\/2017\/07\/Pir\u00e2mide-de-vidro-Interc\u00e2mbio-na-Fran\u00e7a-1024x554.jpg 1024w, https:\/\/www.rodamundo.tur.br\/blog\/wp-content\/uploads\/2017\/07\/Pir\u00e2mide-de-vidro-Interc\u00e2mbio-na-Fran\u00e7a-696x377.jpg 696w, https:\/\/www.rodamundo.tur.br\/blog\/wp-content\/uploads\/2017\/07\/Pir\u00e2mide-de-vidro-Interc\u00e2mbio-na-Fran\u00e7a-1068x578.jpg 1068w, https:\/\/www.rodamundo.tur.br\/blog\/wp-content\/uploads\/2017\/07\/Pir\u00e2mide-de-vidro-Interc\u00e2mbio-na-Fran\u00e7a-776x420.jpg 776w\" sizes=\"(max-width: 1186px) 100vw, 1186px\" \/><figcaption id=\"caption-attachment-2176\" class=\"wp-caption-text\">Pir\u00e2mide-de-vidro-Interc\u00e2mbio-na-Fran\u00e7a<\/figcaption><\/figure>\n<p>Claro, a <strong>Torre Eiffel<\/strong> n\u00e3o pode ficar de fora do seu roteiro tur\u00edstico pela <strong>Fran\u00e7a<\/strong>. Um dos cart\u00f5es postais da <strong>Fran\u00e7a<\/strong>, a <strong>Torre<\/strong> <strong>Eiffel<\/strong> \u00e9 um ponto obrigat\u00f3rio. Fa\u00e7a uma visita na torre, tire uma bela foto e guarde esse momento!<\/p>\n<p>Um dos castelos mais conhecidos do mundo por sua arquitetura renascentista, o <strong>Castelo de Chambord<\/strong> possui formas medievais tracionais francesas e estruturas classistas italianas. Fa\u00e7a uma visita ao Castelo e conhe\u00e7a mais sobre esse momento na hist\u00f3ria da <strong>Fran\u00e7a<\/strong>.<\/p>\n<figure id=\"attachment_2177\" aria-describedby=\"caption-attachment-2177\" style=\"width: 1021px\" class=\"wp-caption aligncenter\"><img loading=\"lazy\" class=\" td-modal-image wp-image-2177 size-full\" src=\"https:\/\/www.rodamundo.tur.br\/blog\/wp-content\/uploads\/2017\/07\/Castelo-de-Chambord-Interc\u00e2mbio-na-Fran\u00e7a.jpg\" alt=\"Castelo-de-Chambord-Interc\u00e2mbio-na-Fran\u00e7a\" width=\"1021\" height=\"641\" srcset=\"https:\/\/www.rodamundo.tur.br\/blog\/wp-content\/uploads\/2017\/07\/Castelo-de-Chambord-Interc\u00e2mbio-na-Fran\u00e7a.jpg 1021w, https:\/\/www.rodamundo.tur.br\/blog\/wp-content\/uploads\/2017\/07\/Castelo-de-Chambord-Interc\u00e2mbio-na-Fran\u00e7a-300x188.jpg 300w, https:\/\/www.rodamundo.tur.br\/blog\/wp-content\/uploads\/2017\/07\/Castelo-de-Chambord-Interc\u00e2mbio-na-Fran\u00e7a-768x482.jpg 768w, https:\/\/www.rodamundo.tur.br\/blog\/wp-content\/uploads\/2017\/07\/Castelo-de-Chambord-Interc\u00e2mbio-na-Fran\u00e7a-696x437.jpg 696w, https:\/\/www.rodamundo.tur.br\/blog\/wp-content\/uploads\/2017\/07\/Castelo-de-Chambord-Interc\u00e2mbio-na-Fran\u00e7a-669x420.jpg 669w\" sizes=\"(max-width: 1021px) 100vw, 1021px\" \/><figcaption id=\"caption-attachment-2177\" class=\"wp-caption-text\">Castelo-de-Chambord-Interc\u00e2mbio-na-Fran\u00e7a<\/figcaption><\/figure>\n<p>Quer mais dicas sobre lugares para visitar durante o seu <strong>interc\u00e2mbio na Fran\u00e7a<\/strong>? Fale com a equipe <strong>Roda Mundo<\/strong> que n\u00f3s vamos te ajudar!<\/p>\n<h2><strong>INTERC\u00c2MBIO NA FRAN\u00c7A \u2013 PRINCIPAIS CIDADES <\/strong><\/h2>\n<p>Agora que voc\u00ea j\u00e1 conhece um pouco mais sobre o pa\u00eds, a <strong>Roda Mundo Interc\u00e2mbio<\/strong> vai te apresentar as principais cidades para voc\u00ea fazer <strong>interc\u00e2mbio na<\/strong> <strong>Fran\u00e7a<\/strong>.<\/p>\n<p><strong>Lyon <\/strong>\u00e9 a segunda maior cidade da <strong>Fran\u00e7a<\/strong>. \u00c8 uma excelente op\u00e7\u00e3o para o <strong>estudante brasileiro <\/strong>que n\u00e3o quer ficar na capital, mas que deseja um lugar bonito, acolhedor, com diversas atra\u00e7\u00f5es e infraestrutura completa.<\/p>\n<p><img loading=\"lazy\" class=\" td-modal-image aligncenter wp-image-2181 size-full\" src=\"https:\/\/www.rodamundo.tur.br\/blog\/wp-content\/uploads\/2017\/07\/Lyon.jpg\" alt=\"\" width=\"968\" height=\"642\" srcset=\"https:\/\/www.rodamundo.tur.br\/blog\/wp-content\/uploads\/2017\/07\/Lyon.jpg 968w, https:\/\/www.rodamundo.tur.br\/blog\/wp-content\/uploads\/2017\/07\/Lyon-300x199.jpg 300w, https:\/\/www.rodamundo.tur.br\/blog\/wp-content\/uploads\/2017\/07\/Lyon-768x509.jpg 768w, https:\/\/www.rodamundo.tur.br\/blog\/wp-content\/uploads\/2017\/07\/Lyon-696x462.jpg 696w, https:\/\/www.rodamundo.tur.br\/blog\/wp-content\/uploads\/2017\/07\/Lyon-633x420.jpg 633w\" sizes=\"(max-width: 968px) 100vw, 968px\" \/><\/p>\n<p><strong>Lyon<\/strong> \u00e9 cortada por dois rios, <strong>Sa\u00f4ne<\/strong> e <strong>Rh\u00f4ne<\/strong>. Em 1998 foi reconhecida como Patrim\u00f4nio Mundial da Humanidade pela UNESCO. A cidade e suas colinas g\u00eameas <strong>Fourvi\u00e8re<\/strong> e <strong>Croix Rousse<\/strong> fazem parte do conhecido patrim\u00f4nio <strong>Galo-Romano<\/strong>.<\/p>\n<figure id=\"attachment_2178\" aria-describedby=\"caption-attachment-2178\" style=\"width: 968px\" class=\"wp-caption aligncenter\"><img loading=\"lazy\" class=\"wp-image-2178 size-full\" src=\"https:\/\/www.rodamundo.tur.br\/blog\/wp-content\/uploads\/2017\/07\/Lyon-Interc\u00e2mbio-na-Fran\u00e7a.jpg\" alt=\"Lyon-Interc\u00e2mbio-na-Fran\u00e7a\" width=\"968\" height=\"647\" srcset=\"https:\/\/www.rodamundo.tur.br\/blog\/wp-content\/uploads\/2017\/07\/Lyon-Interc\u00e2mbio-na-Fran\u00e7a.jpg 968w, https:\/\/www.rodamundo.tur.br\/blog\/wp-content\/uploads\/2017\/07\/Lyon-Interc\u00e2mbio-na-Fran\u00e7a-300x201.jpg 300w, https:\/\/www.rodamundo.tur.br\/blog\/wp-content\/uploads\/2017\/07\/Lyon-Interc\u00e2mbio-na-Fran\u00e7a-768x513.jpg 768w, https:\/\/www.rodamundo.tur.br\/blog\/wp-content\/uploads\/2017\/07\/Lyon-Interc\u00e2mbio-na-Fran\u00e7a-696x465.jpg 696w, https:\/\/www.rodamundo.tur.br\/blog\/wp-content\/uploads\/2017\/07\/Lyon-Interc\u00e2mbio-na-Fran\u00e7a-628x420.jpg 628w\" sizes=\"(max-width: 968px) 100vw, 968px\" \/><figcaption id=\"caption-attachment-2178\" class=\"wp-caption-text\">Lyon-Interc\u00e2mbio-na-Fran\u00e7a<\/figcaption><\/figure>\n<p>Apesar de ter mais de 200 anos, <strong>Lyon<\/strong> \u00e9 uma cidade moderna e oferece uma atmosfera jovem, cultural, cheia de arte e hist\u00f3ria. L\u00e1 fica a <strong>Universidade de Lyon<\/strong>, um conjunto de dezesseis institui\u00e7\u00f5es de educa\u00e7\u00e3o superior nas mais diversas \u00e1reas. Esse \u00e9 um dos motivos pelo qual atrai jovens estudantes do mundo todo e de outros lugares da <strong>Fran\u00e7a<\/strong> para fazer interc\u00e2mbio.<\/p>\n<h3><strong>O QUE FAZER EM LYON\u00a0<\/strong><\/h3>\n<p>A cidade possui \u00f3timos museus e oferece diversos eventos culturais ao longo do ano.<\/p>\n<blockquote><p><strong> A dica Roda Mundo \u00e9 que voc\u00ea inclua em seu roteiro: o Museu da Civiliza\u00e7\u00e3o Galo-Romana, o Teatro Antigo, local onde ocorre o festival Les Nuits de Fourvi\u00e8re. O Museu de Belas Artes, segundo maior museu da Fran\u00e7a tamb\u00e9m merece uma visita.<\/strong><\/p><\/blockquote>\n<p><strong>Lyon<\/strong> se destaca tamb\u00e9m por sua alta gastronomia, com chefs estrelados e restaurantes t\u00edpicos. Durante o seu <strong>interc\u00e2mbio em Lyon<\/strong>, v\u00e1 aos <strong><em>bouchons<\/em><\/strong>. Eles est\u00e3o espalhados por toda a cidade. Neles, \u00e9 servida uma culin\u00e1ria regional simples, vinhos da regi\u00e3o e especialidades \u00e0 base de porco.<\/p>\n<figure id=\"attachment_2179\" aria-describedby=\"caption-attachment-2179\" style=\"width: 971px\" class=\"wp-caption aligncenter\"><img loading=\"lazy\" class=\" td-modal-image wp-image-2179 size-full\" src=\"https:\/\/www.rodamundo.tur.br\/blog\/wp-content\/uploads\/2017\/07\/Restaurantes-em-Lyon-Interc\u00e2mbio-na-Fran\u00e7a.jpg\" alt=\"Restaurantes-em-Lyon-Interc\u00e2mbio-na-Fran\u00e7a\" width=\"971\" height=\"644\" srcset=\"https:\/\/www.rodamundo.tur.br\/blog\/wp-content\/uploads\/2017\/07\/Restaurantes-em-Lyon-Interc\u00e2mbio-na-Fran\u00e7a.jpg 971w, https:\/\/www.rodamundo.tur.br\/blog\/wp-content\/uploads\/2017\/07\/Restaurantes-em-Lyon-Interc\u00e2mbio-na-Fran\u00e7a-300x199.jpg 300w, https:\/\/www.rodamundo.tur.br\/blog\/wp-content\/uploads\/2017\/07\/Restaurantes-em-Lyon-Interc\u00e2mbio-na-Fran\u00e7a-768x509.jpg 768w, https:\/\/www.rodamundo.tur.br\/blog\/wp-content\/uploads\/2017\/07\/Restaurantes-em-Lyon-Interc\u00e2mbio-na-Fran\u00e7a-696x462.jpg 696w, https:\/\/www.rodamundo.tur.br\/blog\/wp-content\/uploads\/2017\/07\/Restaurantes-em-Lyon-Interc\u00e2mbio-na-Fran\u00e7a-633x420.jpg 633w\" sizes=\"(max-width: 971px) 100vw, 971px\" \/><figcaption id=\"caption-attachment-2179\" class=\"wp-caption-text\">Restaurantes-em-Lyon-Interc\u00e2mbio-na-Fran\u00e7a<\/figcaption><\/figure>\n<p>Se voc\u00ea gosta de compras, a cidade oferece diversas op\u00e7\u00f5es. No <strong>Carr\u00e9 d\u2019Or<\/strong> h\u00e1 cerca de 70 lojas das mais luxuosas marcas. Sem contar com o famoso bairro dos antiqu\u00e1rios e os ateli\u00eas de seda.<\/p>\n<h2><strong>INTERC\u00c2MBIO EM NICE \u2013 NATUREZA EXUBERANTE <\/strong><\/h2>\n<p><strong>Nice<\/strong> \u00e9 a capital da <strong>Riviera Francesa <\/strong>(<strong>C\u00f4te d\u2019Azur<\/strong>)<strong>. <\/strong>Um dos destinos mais populares do mundo e da <strong>Fran\u00e7a<\/strong>. <strong>Nice<\/strong> fica localizada no sul da <strong>Fran\u00e7a<\/strong>, entre o mar Mediterr\u00e2neo e as montanhas, a poucos quil\u00f4metros da fronteira italiana. Conhecida pelo glamour das grifes famosas, carros luxuosos e mans\u00f5es. <strong>Nice<\/strong> tamb\u00e9m \u00e9 rica em hist\u00f3ria, cultura e arte. Oferece diversas op\u00e7\u00f5es de atividades e lazer.<\/p>\n<figure id=\"attachment_2182\" aria-describedby=\"caption-attachment-2182\" style=\"width: 972px\" class=\"wp-caption aligncenter\"><img loading=\"lazy\" class=\" td-modal-image wp-image-2182 size-full\" src=\"https:\/\/www.rodamundo.tur.br\/blog\/wp-content\/uploads\/2017\/07\/Nice-Interc\u00e2mbio-em-Nice.jpg\" alt=\"Nice-Interc\u00e2mbio-em-Nice\" width=\"972\" height=\"642\" srcset=\"https:\/\/www.rodamundo.tur.br\/blog\/wp-content\/uploads\/2017\/07\/Nice-Interc\u00e2mbio-em-Nice.jpg 972w, https:\/\/www.rodamundo.tur.br\/blog\/wp-content\/uploads\/2017\/07\/Nice-Interc\u00e2mbio-em-Nice-300x198.jpg 300w, https:\/\/www.rodamundo.tur.br\/blog\/wp-content\/uploads\/2017\/07\/Nice-Interc\u00e2mbio-em-Nice-768x507.jpg 768w, https:\/\/www.rodamundo.tur.br\/blog\/wp-content\/uploads\/2017\/07\/Nice-Interc\u00e2mbio-em-Nice-696x460.jpg 696w, https:\/\/www.rodamundo.tur.br\/blog\/wp-content\/uploads\/2017\/07\/Nice-Interc\u00e2mbio-em-Nice-636x420.jpg 636w\" sizes=\"(max-width: 972px) 100vw, 972px\" \/><figcaption id=\"caption-attachment-2182\" class=\"wp-caption-text\">Nice-Interc\u00e2mbio-em-Nice<\/figcaption><\/figure>\n<p><strong>Nice<\/strong> conta com uma natureza exuberante e paisagens de tirar o f\u00f4lego. Possui 8 km de praias mediterr\u00e2neas badaladas e lind\u00edssimas, com um clima ameno e sol constante.<\/p>\n<blockquote><p><strong>A dica Roda Mundo \u00e9 reunir os amigos e fazer um passeio pela Costa Azul.<\/strong><\/p><\/blockquote>\n<h3><strong>ROTEIRO TUR\u00cdSTICO EM NICE <\/strong><\/h3>\n<p>Durante o dia \u00e9 poss\u00edvel visitar os museus e todos com entrada gratuita. Alguns deles s\u00e3o o <strong>Marc Chagall<\/strong>, o <strong>Matisse<\/strong>, repleto de obras do pintor e o <strong>Museu de Belas Artes de Nice<\/strong>.<\/p>\n<figure id=\"attachment_2183\" aria-describedby=\"caption-attachment-2183\" style=\"width: 966px\" class=\"wp-caption aligncenter\"><img loading=\"lazy\" class=\" td-modal-image wp-image-2183 size-full\" src=\"https:\/\/www.rodamundo.tur.br\/blog\/wp-content\/uploads\/2017\/07\/Matisse-Interc\u00e2mbio-na-Fran\u00e7a.jpg\" alt=\"Matisse-Interc\u00e2mbio-na-Fran\u00e7a\" width=\"966\" height=\"653\" srcset=\"https:\/\/www.rodamundo.tur.br\/blog\/wp-content\/uploads\/2017\/07\/Matisse-Interc\u00e2mbio-na-Fran\u00e7a.jpg 966w, https:\/\/www.rodamundo.tur.br\/blog\/wp-content\/uploads\/2017\/07\/Matisse-Interc\u00e2mbio-na-Fran\u00e7a-300x203.jpg 300w, https:\/\/www.rodamundo.tur.br\/blog\/wp-content\/uploads\/2017\/07\/Matisse-Interc\u00e2mbio-na-Fran\u00e7a-768x519.jpg 768w, https:\/\/www.rodamundo.tur.br\/blog\/wp-content\/uploads\/2017\/07\/Matisse-Interc\u00e2mbio-na-Fran\u00e7a-696x470.jpg 696w, https:\/\/www.rodamundo.tur.br\/blog\/wp-content\/uploads\/2017\/07\/Matisse-Interc\u00e2mbio-na-Fran\u00e7a-621x420.jpg 621w\" sizes=\"(max-width: 966px) 100vw, 966px\" \/><figcaption id=\"caption-attachment-2183\" class=\"wp-caption-text\">Matisse-Interc\u00e2mbio-na-Fran\u00e7a<\/figcaption><\/figure>\n<p>Durante o seu interc\u00e2mbio em Nice, visite o <strong>Mercado das Flores<\/strong>, na cidade velha. O <strong>Parc du Chateau<\/strong> que fica no topo de uma colina de 90 metros de altura oferece uma vista deslumbrante. O <strong>Le Chateau<\/strong> \u00e9 um castelo que marca o ponto onde a cidade surgiu e que fica a apenas 20 km de <strong>M\u00f4naco<\/strong>.<\/p>\n<p>Se estiver por l\u00e1 no m\u00eas de fevereiro, n\u00e3o deixe de participar do famoso <strong>Carnaval de Nice<\/strong>. Um dos maiores eventos da <strong>C\u00f4te d\u2019Azur<\/strong> em que s\u00e3o feitos desfiles de carros aleg\u00f3ricos e a <strong>Batalha das Flores<\/strong>.<\/p>\n<figure id=\"attachment_2184\" aria-describedby=\"caption-attachment-2184\" style=\"width: 965px\" class=\"wp-caption aligncenter\"><img loading=\"lazy\" class=\" td-modal-image wp-image-2184 size-full\" src=\"https:\/\/www.rodamundo.tur.br\/blog\/wp-content\/uploads\/2017\/07\/Carnaval-de-Nice.jpg\" alt=\"Carnaval-de-Nice\" width=\"965\" height=\"646\" srcset=\"https:\/\/www.rodamundo.tur.br\/blog\/wp-content\/uploads\/2017\/07\/Carnaval-de-Nice.jpg 965w, https:\/\/www.rodamundo.tur.br\/blog\/wp-content\/uploads\/2017\/07\/Carnaval-de-Nice-300x201.jpg 300w, https:\/\/www.rodamundo.tur.br\/blog\/wp-content\/uploads\/2017\/07\/Carnaval-de-Nice-768x514.jpg 768w, https:\/\/www.rodamundo.tur.br\/blog\/wp-content\/uploads\/2017\/07\/Carnaval-de-Nice-696x466.jpg 696w, https:\/\/www.rodamundo.tur.br\/blog\/wp-content\/uploads\/2017\/07\/Carnaval-de-Nice-627x420.jpg 627w\" sizes=\"(max-width: 965px) 100vw, 965px\" \/><figcaption id=\"caption-attachment-2184\" class=\"wp-caption-text\">Carnaval-de-Nice<\/figcaption><\/figure>\n<p>A vida noturna de <strong>Nice<\/strong> n\u00e3o decepciona. Durante o seu interc\u00e2mbio em <strong>Nice<\/strong> voc\u00ea vai encontrar v\u00e1rias op\u00e7\u00f5es de bares e casas noturnas, que agradam a todos os gostos. Al\u00e9m disso, sua alta gastronomia tamb\u00e9m se destaca, com pratos que combinam as cozinhas italiana e francesa.<\/p>\n<figure id=\"attachment_2185\" aria-describedby=\"caption-attachment-2185\" style=\"width: 852px\" class=\"wp-caption aligncenter\"><img loading=\"lazy\" class=\" td-modal-image wp-image-2185 size-full\" src=\"https:\/\/www.rodamundo.tur.br\/blog\/wp-content\/uploads\/2017\/07\/Restaurantes-em-Nice-Interc\u00e2mbio-na-Fran\u00e7a.jpg\" alt=\"Restaurantes-em-Nice-Interc\u00e2mbio-na-Fran\u00e7a\" width=\"852\" height=\"646\" srcset=\"https:\/\/www.rodamundo.tur.br\/blog\/wp-content\/uploads\/2017\/07\/Restaurantes-em-Nice-Interc\u00e2mbio-na-Fran\u00e7a.jpg 852w, https:\/\/www.rodamundo.tur.br\/blog\/wp-content\/uploads\/2017\/07\/Restaurantes-em-Nice-Interc\u00e2mbio-na-Fran\u00e7a-300x227.jpg 300w, https:\/\/www.rodamundo.tur.br\/blog\/wp-content\/uploads\/2017\/07\/Restaurantes-em-Nice-Interc\u00e2mbio-na-Fran\u00e7a-768x582.jpg 768w, https:\/\/www.rodamundo.tur.br\/blog\/wp-content\/uploads\/2017\/07\/Restaurantes-em-Nice-Interc\u00e2mbio-na-Fran\u00e7a-80x60.jpg 80w, https:\/\/www.rodamundo.tur.br\/blog\/wp-content\/uploads\/2017\/07\/Restaurantes-em-Nice-Interc\u00e2mbio-na-Fran\u00e7a-696x528.jpg 696w, https:\/\/www.rodamundo.tur.br\/blog\/wp-content\/uploads\/2017\/07\/Restaurantes-em-Nice-Interc\u00e2mbio-na-Fran\u00e7a-554x420.jpg 554w\" sizes=\"(max-width: 852px) 100vw, 852px\" \/><figcaption id=\"caption-attachment-2185\" class=\"wp-caption-text\">Restaurantes-em-Nice-Interc\u00e2mbio-na-Fran\u00e7a<\/figcaption><\/figure>\n<h2><strong>INTERC\u00c2MBIO EM PARIS \u2013 CIDADE LUZ <\/strong><\/h2>\n<p><strong>Paris<\/strong> \u00e9 sem d\u00favidas um destino ic\u00f4nico e que encanta pessoas do mundo inteiro todos os anos. A <strong>capital francesa <\/strong>\u00e9 tamb\u00e9m a cidade mais populosa da <strong>Fran\u00e7a<\/strong>, com mais de 2 milh\u00f5es de habitantes. <strong>Paris<\/strong> tamb\u00e9m \u00e9 a capital econ\u00f4mica e comercial do pa\u00eds.<\/p>\n<p>Cortada pelo <strong>rio Sena<\/strong>, <strong>Paris<\/strong> \u00e9 conhecida por seu glamour, beleza e cen\u00e1rios de tirar o f\u00f4lego. Al\u00e9m de ser uma cidade rica em arte, cultura e hist\u00f3ria.<\/p>\n<figure id=\"attachment_2187\" aria-describedby=\"caption-attachment-2187\" style=\"width: 965px\" class=\"wp-caption aligncenter\"><img loading=\"lazy\" class=\" td-modal-image wp-image-2187 size-full\" src=\"https:\/\/www.rodamundo.tur.br\/blog\/wp-content\/uploads\/2017\/07\/Interc\u00e2mbio-em-Paris.jpg\" alt=\"Interc\u00e2mbio-em-Paris\" width=\"965\" height=\"645\" srcset=\"https:\/\/www.rodamundo.tur.br\/blog\/wp-content\/uploads\/2017\/07\/Interc\u00e2mbio-em-Paris.jpg 965w, https:\/\/www.rodamundo.tur.br\/blog\/wp-content\/uploads\/2017\/07\/Interc\u00e2mbio-em-Paris-300x201.jpg 300w, https:\/\/www.rodamundo.tur.br\/blog\/wp-content\/uploads\/2017\/07\/Interc\u00e2mbio-em-Paris-768x513.jpg 768w, https:\/\/www.rodamundo.tur.br\/blog\/wp-content\/uploads\/2017\/07\/Interc\u00e2mbio-em-Paris-696x465.jpg 696w, https:\/\/www.rodamundo.tur.br\/blog\/wp-content\/uploads\/2017\/07\/Interc\u00e2mbio-em-Paris-628x420.jpg 628w\" sizes=\"(max-width: 965px) 100vw, 965px\" \/><figcaption id=\"caption-attachment-2187\" class=\"wp-caption-text\">Interc\u00e2mbio-em-Paris<\/figcaption><\/figure>\n<blockquote><p><strong>Estudar franc\u00eas em Paris \u00e9 uma maneira de mergulhar de cabe\u00e7a na cultura e nos costumes desse povo. Al\u00e9m de ser a oportunidade ideal para se relacionar com estudantes de v\u00e1rios lugares do mundo.<\/strong><\/p><\/blockquote>\n<p>Paris \u00e9 o ber\u00e7o de pessoas not\u00e1veis como o fil\u00f3sofo Jean-Paul Sartre e o pensador pol\u00edtico Alexis de Tocqueville. A cidade \u00e9 um dos lugares preferidos de intelectuais, como Ernest Hemingway, que viveu no local por volta dos anos 1920.<\/p>\n<p style=\"text-align: center;\"><a href=\"https:\/\/www.rodamundo.tur.br\/pacote\/curso-de-frances-em-paris-na-franca-de-4-semanas\/\"><strong>VEJA AQUI O CURSO DE FRANC\u00caS EM PARIS<\/strong><\/a><\/p>\n<h3><strong>PONTOS TUR\u00cdSTICOS E GRASTONOMIA EM PARIS <\/strong><\/h3>\n<p>H\u00e1 milhares de atra\u00e7\u00f5es e pontos tur\u00edsticos para visitar durante o seu <strong>interc\u00e2mbio em Paris<\/strong>. A bel\u00edssima <strong>Torre Eiffel<\/strong> e o <strong>Louvre<\/strong> n\u00e3o podem faltar no seu roteiro. Visite tamb\u00e9m a <strong>Bas\u00edlica de Sacr\u00e9-Coeur<\/strong> e o <strong>Quartier Latin<\/strong>, onde ficam v\u00e1rias das universidades parisienses. A dica Roda Mundo \u00e9 visitar a <strong>Catedral de Notre-Dame<\/strong> e a <strong>Avenida<\/strong> <strong>Champs-\u00c9lys\u00e9es<\/strong>. S\u00e3o pontos tur\u00edsticos bem famosos na <strong>Fran\u00e7a<\/strong>.<\/p>\n<figure id=\"attachment_2186\" aria-describedby=\"caption-attachment-2186\" style=\"width: 1042px\" class=\"wp-caption aligncenter\"><img loading=\"lazy\" class=\" td-modal-image wp-image-2186 size-full\" src=\"https:\/\/www.rodamundo.tur.br\/blog\/wp-content\/uploads\/2017\/07\/Champs-\u00c9lys\u00e9es-Interc\u00e2mbio-na-Fran\u00e7a.jpg\" alt=\"Champs-\u00c9lys\u00e9es-Interc\u00e2mbio-na-Fran\u00e7a\" width=\"1042\" height=\"640\" srcset=\"https:\/\/www.rodamundo.tur.br\/blog\/wp-content\/uploads\/2017\/07\/Champs-\u00c9lys\u00e9es-Interc\u00e2mbio-na-Fran\u00e7a.jpg 1042w, https:\/\/www.rodamundo.tur.br\/blog\/wp-content\/uploads\/2017\/07\/Champs-\u00c9lys\u00e9es-Interc\u00e2mbio-na-Fran\u00e7a-300x184.jpg 300w, https:\/\/www.rodamundo.tur.br\/blog\/wp-content\/uploads\/2017\/07\/Champs-\u00c9lys\u00e9es-Interc\u00e2mbio-na-Fran\u00e7a-768x472.jpg 768w, https:\/\/www.rodamundo.tur.br\/blog\/wp-content\/uploads\/2017\/07\/Champs-\u00c9lys\u00e9es-Interc\u00e2mbio-na-Fran\u00e7a-1024x629.jpg 1024w, https:\/\/www.rodamundo.tur.br\/blog\/wp-content\/uploads\/2017\/07\/Champs-\u00c9lys\u00e9es-Interc\u00e2mbio-na-Fran\u00e7a-356x220.jpg 356w, https:\/\/www.rodamundo.tur.br\/blog\/wp-content\/uploads\/2017\/07\/Champs-\u00c9lys\u00e9es-Interc\u00e2mbio-na-Fran\u00e7a-696x427.jpg 696w, https:\/\/www.rodamundo.tur.br\/blog\/wp-content\/uploads\/2017\/07\/Champs-\u00c9lys\u00e9es-Interc\u00e2mbio-na-Fran\u00e7a-684x420.jpg 684w\" sizes=\"(max-width: 1042px) 100vw, 1042px\" \/><figcaption id=\"caption-attachment-2186\" class=\"wp-caption-text\">Champs-\u00c9lys\u00e9es-Interc\u00e2mbio-na-Fran\u00e7a<\/figcaption><\/figure>\n<p>A <strong>gastronomia parisiense <\/strong>tamb\u00e9m \u00e9 um ponto de destaque. Existem pratos e sabores para todos os gostos. Desde o cl\u00e1ssico bife grelhado com batata frita e as famosas baguetes, at\u00e9 pratos mais elaborados em um dos v\u00e1rios restaurantes premiados da cidade. Aproveite para experimentar todos esses sabores durante o seu <strong>interc\u00e2mbio na Fran\u00e7a<\/strong>.<\/p>\n<figure id=\"attachment_2188\" aria-describedby=\"caption-attachment-2188\" style=\"width: 961px\" class=\"wp-caption aligncenter\"><img loading=\"lazy\" class=\" td-modal-image wp-image-2188 size-full\" src=\"https:\/\/www.rodamundo.tur.br\/blog\/wp-content\/uploads\/2017\/07\/Gastronomia-parisiense.jpg\" alt=\"Gastronomia-parisiense\" width=\"961\" height=\"641\" srcset=\"https:\/\/www.rodamundo.tur.br\/blog\/wp-content\/uploads\/2017\/07\/Gastronomia-parisiense.jpg 961w, https:\/\/www.rodamundo.tur.br\/blog\/wp-content\/uploads\/2017\/07\/Gastronomia-parisiense-300x200.jpg 300w, https:\/\/www.rodamundo.tur.br\/blog\/wp-content\/uploads\/2017\/07\/Gastronomia-parisiense-768x512.jpg 768w, https:\/\/www.rodamundo.tur.br\/blog\/wp-content\/uploads\/2017\/07\/Gastronomia-parisiense-696x464.jpg 696w, https:\/\/www.rodamundo.tur.br\/blog\/wp-content\/uploads\/2017\/07\/Gastronomia-parisiense-630x420.jpg 630w\" sizes=\"(max-width: 961px) 100vw, 961px\" \/><figcaption id=\"caption-attachment-2188\" class=\"wp-caption-text\">Gastronomia-parisiense<\/figcaption><\/figure>\n<p><strong>Paris <\/strong>\u00e9 tamb\u00e9m um destino muito conhecido para compras, ao lado de <strong>Mil\u00e3o <\/strong>e <strong>Londres<\/strong>. L\u00e1, ficam as vitrines das grifes mais conhecidas e desejadas do mundo, como Chanel, Dior, Louis Vuitton, Yves Saint Laurent. H\u00e1 tamb\u00e9m lojas mais acess\u00edveis, como H&amp;M, Zara, Stradivarius e C&amp;A, que voc\u00ea encontra na <strong>Rue de Rivoli<\/strong>.<\/p>\n<p>Prepare-se para uma vida agitada, din\u00e2mica e extremamente animada em <strong>Paris<\/strong>, e aprenda <strong>franc\u00eas<\/strong> ao lado de pessoas das mais variadas nacionalidades.<\/p>\n<h2><strong>INTERC\u00c3MBIO EM ANTIBES \u2013 A CASA DO JAZZ E PICASSO <\/strong><\/h2>\n<p>Localizada entre <strong>Nice <\/strong>e <strong>Cannes<\/strong>, <strong>Antibes<\/strong> \u00e9 uma comuna localizada em <strong>C\u00f4te D\u2019Azur<\/strong>. A famosa regi\u00e3o do sul da <strong>Fran\u00e7a<\/strong> conhecida como <strong>Riviera Francesa<\/strong>. Rodeada pelas belas \u00e1guas azuis do Mediterr\u00e2neo, <strong>Antibes<\/strong> \u00e9 o destino que encantam os estudantes por sua arquitetura medieval.<\/p>\n<figure id=\"attachment_2189\" aria-describedby=\"caption-attachment-2189\" style=\"width: 963px\" class=\"wp-caption aligncenter\"><img loading=\"lazy\" class=\" td-modal-image wp-image-2189 size-full\" src=\"https:\/\/www.rodamundo.tur.br\/blog\/wp-content\/uploads\/2017\/07\/Interc\u00e2mbio-em-Antibes.jpg\" alt=\"Interc\u00e2mbio-em-Antibes\" width=\"963\" height=\"633\" srcset=\"https:\/\/www.rodamundo.tur.br\/blog\/wp-content\/uploads\/2017\/07\/Interc\u00e2mbio-em-Antibes.jpg 963w, https:\/\/www.rodamundo.tur.br\/blog\/wp-content\/uploads\/2017\/07\/Interc\u00e2mbio-em-Antibes-300x197.jpg 300w, https:\/\/www.rodamundo.tur.br\/blog\/wp-content\/uploads\/2017\/07\/Interc\u00e2mbio-em-Antibes-768x505.jpg 768w, https:\/\/www.rodamundo.tur.br\/blog\/wp-content\/uploads\/2017\/07\/Interc\u00e2mbio-em-Antibes-696x457.jpg 696w, https:\/\/www.rodamundo.tur.br\/blog\/wp-content\/uploads\/2017\/07\/Interc\u00e2mbio-em-Antibes-741x486.jpg 741w, https:\/\/www.rodamundo.tur.br\/blog\/wp-content\/uploads\/2017\/07\/Interc\u00e2mbio-em-Antibes-639x420.jpg 639w\" sizes=\"(max-width: 963px) 100vw, 963px\" \/><figcaption id=\"caption-attachment-2189\" class=\"wp-caption-text\">Interc\u00e2mbio-em-Antibes<\/figcaption><\/figure>\n<p><strong>Antibes<\/strong> respira arte. O lugar \u00e9 palco de um dos maiores festivais de Jazz no mundo, o Jazz \u00e0 Juan. Tamb\u00e9m abriga um dos museus mais importantes dedicados a <strong>Picasso<\/strong>, que l\u00e1 produziu diversas obras entre os anos de 1945 e 1946.<\/p>\n<p>N\u00e3o faltam op\u00e7\u00f5es de entretenimento durante o seu<strong> interc\u00e2mbio em Antibes<\/strong>. Al\u00e9m das praias incr\u00edveis da <strong>Riviera Francesa<\/strong>, h\u00e1 lojas, bares, restaurantes ao redor do porto, feiras de artesanato e de artigos de decora\u00e7\u00e3o.<\/p>\n<blockquote><p><strong>A dica Roda Mundo \u00e9 dar voltinha pelo porto, que abriga os iates da elite que costuma visitar Antibes.<\/strong><\/p><\/blockquote>\n<figure id=\"attachment_2191\" aria-describedby=\"caption-attachment-2191\" style=\"width: 965px\" class=\"wp-caption aligncenter\"><img loading=\"lazy\" class=\" td-modal-image wp-image-2191 size-full\" src=\"https:\/\/www.rodamundo.tur.br\/blog\/wp-content\/uploads\/2017\/07\/Iates-Antibes-Interc\u00e2mbio-na-Fran\u00e7a.jpg\" alt=\"Iates-Antibes-Interc\u00e2mbio-na-Fran\u00e7a\" width=\"965\" height=\"646\" srcset=\"https:\/\/www.rodamundo.tur.br\/blog\/wp-content\/uploads\/2017\/07\/Iates-Antibes-Interc\u00e2mbio-na-Fran\u00e7a.jpg 965w, https:\/\/www.rodamundo.tur.br\/blog\/wp-content\/uploads\/2017\/07\/Iates-Antibes-Interc\u00e2mbio-na-Fran\u00e7a-300x201.jpg 300w, https:\/\/www.rodamundo.tur.br\/blog\/wp-content\/uploads\/2017\/07\/Iates-Antibes-Interc\u00e2mbio-na-Fran\u00e7a-768x514.jpg 768w, https:\/\/www.rodamundo.tur.br\/blog\/wp-content\/uploads\/2017\/07\/Iates-Antibes-Interc\u00e2mbio-na-Fran\u00e7a-696x466.jpg 696w, https:\/\/www.rodamundo.tur.br\/blog\/wp-content\/uploads\/2017\/07\/Iates-Antibes-Interc\u00e2mbio-na-Fran\u00e7a-627x420.jpg 627w\" sizes=\"(max-width: 965px) 100vw, 965px\" \/><figcaption id=\"caption-attachment-2191\" class=\"wp-caption-text\">Iates-Antibes-Interc\u00e2mbio-na-Fran\u00e7a<\/figcaption><\/figure>\n<p>V\u00e1 ao <strong>Ch\u00e2teau Grimaldi<\/strong>, um edif\u00edcio \u00e0 beira mar que abriga o <strong>Museu de Picasso<\/strong>, ou ande sem destino pelas ruelas e encante-se com tudo o que o lugar tem para oferecer. Sinta-se livre para experimentar todas essas sensa\u00e7\u00f5es.<\/p>\n<figure id=\"attachment_2190\" aria-describedby=\"caption-attachment-2190\" style=\"width: 965px\" class=\"wp-caption aligncenter\"><img loading=\"lazy\" class=\" td-modal-image wp-image-2190 size-full\" src=\"https:\/\/www.rodamundo.tur.br\/blog\/wp-content\/uploads\/2017\/07\/Ch\u00e2teau-Grimaldi-Interc\u00e2mbio-em-Antibes.jpg\" alt=\"Ch\u00e2teau-Grimaldi-Interc\u00e2mbio-em-Antibes\" width=\"965\" height=\"641\" srcset=\"https:\/\/www.rodamundo.tur.br\/blog\/wp-content\/uploads\/2017\/07\/Ch\u00e2teau-Grimaldi-Interc\u00e2mbio-em-Antibes.jpg 965w, https:\/\/www.rodamundo.tur.br\/blog\/wp-content\/uploads\/2017\/07\/Ch\u00e2teau-Grimaldi-Interc\u00e2mbio-em-Antibes-300x199.jpg 300w, https:\/\/www.rodamundo.tur.br\/blog\/wp-content\/uploads\/2017\/07\/Ch\u00e2teau-Grimaldi-Interc\u00e2mbio-em-Antibes-768x510.jpg 768w, https:\/\/www.rodamundo.tur.br\/blog\/wp-content\/uploads\/2017\/07\/Ch\u00e2teau-Grimaldi-Interc\u00e2mbio-em-Antibes-696x462.jpg 696w, https:\/\/www.rodamundo.tur.br\/blog\/wp-content\/uploads\/2017\/07\/Ch\u00e2teau-Grimaldi-Interc\u00e2mbio-em-Antibes-632x420.jpg 632w\" sizes=\"(max-width: 965px) 100vw, 965px\" \/><figcaption id=\"caption-attachment-2190\" class=\"wp-caption-text\">Ch\u00e2teau-Grimaldi-Interc\u00e2mbio-em-Antibes<\/figcaption><\/figure>\n<h3><strong>CONHECENDO ANTIBES<\/strong><\/h3>\n<p>Um dos lugares que n\u00e3o podem ficar de fora de seu roteiro de <strong>interc\u00e2mbio em Antibes<\/strong> \u00e9 o <strong>March\u00e9 Proven\u00e7al<\/strong>. Um mercado coberto localizado na <strong>Cours Mass\u00e9na<\/strong>. L\u00e1, voc\u00ea encontrar\u00e1 de tudo, especiarias, azeitonas, frutas, queijos, geleias e a tradicional <strong>socca<\/strong>. Uma esp\u00e9cie de crepe feito com farinha de gr\u00e3o de bico que faz muito sucesso entre os moradores e visitantes de <strong>Antibes<\/strong>.<\/p>\n<figure id=\"attachment_2192\" aria-describedby=\"caption-attachment-2192\" style=\"width: 1120px\" class=\"wp-caption aligncenter\"><img loading=\"lazy\" class=\" td-modal-image wp-image-2192 size-full\" src=\"https:\/\/www.rodamundo.tur.br\/blog\/wp-content\/uploads\/2017\/07\/March\u00e9-Proven\u00e7al-Interc\u00e2mbio-na-Fran\u00e7a.jpg\" alt=\"March\u00e9-Proven\u00e7al-Interc\u00e2mbio-na-Fran\u00e7a\" width=\"1120\" height=\"645\" srcset=\"https:\/\/www.rodamundo.tur.br\/blog\/wp-content\/uploads\/2017\/07\/March\u00e9-Proven\u00e7al-Interc\u00e2mbio-na-Fran\u00e7a.jpg 1120w, https:\/\/www.rodamundo.tur.br\/blog\/wp-content\/uploads\/2017\/07\/March\u00e9-Proven\u00e7al-Interc\u00e2mbio-na-Fran\u00e7a-300x173.jpg 300w, https:\/\/www.rodamundo.tur.br\/blog\/wp-content\/uploads\/2017\/07\/March\u00e9-Proven\u00e7al-Interc\u00e2mbio-na-Fran\u00e7a-768x442.jpg 768w, https:\/\/www.rodamundo.tur.br\/blog\/wp-content\/uploads\/2017\/07\/March\u00e9-Proven\u00e7al-Interc\u00e2mbio-na-Fran\u00e7a-1024x590.jpg 1024w, https:\/\/www.rodamundo.tur.br\/blog\/wp-content\/uploads\/2017\/07\/March\u00e9-Proven\u00e7al-Interc\u00e2mbio-na-Fran\u00e7a-696x401.jpg 696w, https:\/\/www.rodamundo.tur.br\/blog\/wp-content\/uploads\/2017\/07\/March\u00e9-Proven\u00e7al-Interc\u00e2mbio-na-Fran\u00e7a-1068x615.jpg 1068w, https:\/\/www.rodamundo.tur.br\/blog\/wp-content\/uploads\/2017\/07\/March\u00e9-Proven\u00e7al-Interc\u00e2mbio-na-Fran\u00e7a-729x420.jpg 729w\" sizes=\"(max-width: 1120px) 100vw, 1120px\" \/><figcaption id=\"caption-attachment-2192\" class=\"wp-caption-text\">March\u00e9-Proven\u00e7al-Interc\u00e2mbio-na-Fran\u00e7a<\/figcaption><\/figure>\n<p>Durante o seu <strong>interc\u00e2mbio na Fran\u00e7a<\/strong>, voc\u00ea pode conhecer diversas cidades. De <strong>Antibes<\/strong> saem trens para <strong>Cannes<\/strong>, <strong>Nice<\/strong>, <strong>M\u00f3naco<\/strong> e <strong>It\u00e1lia<\/strong>. A famosa <strong>Saint Tropez<\/strong> fica a apenas 70 minutos de barco.<\/p>\n<p>Se quiser uma noite mais animada, v\u00e1 a <strong>Juan les Pins<\/strong>. O lugar \u00e9 conhecido por ter uma cena noturna animada, com night clubs, bares e cassinos. Para uma noite mais tranquila, <strong>Antibes<\/strong> oferece bons restaurantes, caf\u00e9s, piano bares e teatros.<\/p>\n<figure id=\"attachment_2193\" aria-describedby=\"caption-attachment-2193\" style=\"width: 962px\" class=\"wp-caption aligncenter\"><img loading=\"lazy\" class=\" td-modal-image wp-image-2193 size-full\" src=\"https:\/\/www.rodamundo.tur.br\/blog\/wp-content\/uploads\/2017\/07\/Antibes-Interc\u00e2mbio-em-Antibes.jpg\" alt=\"Antibes-Interc\u00e2mbio-em-Antibes\" width=\"962\" height=\"640\" srcset=\"https:\/\/www.rodamundo.tur.br\/blog\/wp-content\/uploads\/2017\/07\/Antibes-Interc\u00e2mbio-em-Antibes.jpg 962w, https:\/\/www.rodamundo.tur.br\/blog\/wp-content\/uploads\/2017\/07\/Antibes-Interc\u00e2mbio-em-Antibes-300x200.jpg 300w, https:\/\/www.rodamundo.tur.br\/blog\/wp-content\/uploads\/2017\/07\/Antibes-Interc\u00e2mbio-em-Antibes-768x511.jpg 768w, https:\/\/www.rodamundo.tur.br\/blog\/wp-content\/uploads\/2017\/07\/Antibes-Interc\u00e2mbio-em-Antibes-696x463.jpg 696w, https:\/\/www.rodamundo.tur.br\/blog\/wp-content\/uploads\/2017\/07\/Antibes-Interc\u00e2mbio-em-Antibes-631x420.jpg 631w\" sizes=\"(max-width: 962px) 100vw, 962px\" \/><figcaption id=\"caption-attachment-2193\" class=\"wp-caption-text\">Antibes-Interc\u00e2mbio-em-Antibes<\/figcaption><\/figure>\n<p>N\u00e3o importa quanto tempo voc\u00ea vai ficar na <strong>Fran\u00e7a<\/strong>. Com certeza, voc\u00ea ter\u00e1 \u00f3timas experi\u00eancias e lembran\u00e7as que ficar\u00e3o para sempre dentro de voc\u00ea.<\/p>\n<p><a href=\"https:\/\/www.rodamundo.tur.br\/fale-com-a-roda-mundo-intercambio\/\">Fale com a <strong>Roda Mundo<\/strong><\/a> e planeje o seu <strong>interc\u00e2mbio para a Fran\u00e7a<\/strong>. Boa viagem!<\/p>\n<h2><strong>VEJA TAMB\u00c9M: <\/strong><\/h2>\n<ul>\n<li>\n<h2 class=\"entry-title\"><strong><a href=\"https:\/\/www.rodamundo.tur.br\/blog\/promocoes-de-intercambio-10-anos-de-roda-mundo\/\">PROMO\u00c7\u00d5ES DE INTERC\u00c2MBIO\u00a010 ANOS DE RODA MUNDO INTERC\u00c2MBIO<\/a><\/strong><\/h2>\n<\/li>\n<li>\n<h2><strong><a href=\"https:\/\/www.rodamundo.tur.br\/escolas-pelo-mundo\/lsi-paris\/\">ESCOLA LSI PARIS<\/a><\/strong><\/h2>\n<\/li>\n<li>\n<h2><strong><a href=\"https:\/\/www.rodamundo.tur.br\/escolas-pelo-mundo\/cia-antibes\/\">ESCOLA CIA ANTIBES<\/a><\/strong><\/h2>\n<\/li>\n<\/ul>\n","protected":false},"excerpt":{"rendered":"<p>Charmosa, rom\u00e2ntica e elegante. A Fran\u00e7a \u00e9 o destino com muita hist\u00f3ria e cultura. Fazer\u00a0interc\u00e2mbio na Fran\u00e7a\u00a0\u00e9 experimentar e viver uma experi\u00eancia inesquec\u00edvel. A\u00a0Roda Mundo\u00a0vai te apresentar o seu pr\u00f3ximo destino de interc\u00e2mbio. INTERC\u00c2MBIO NA FRAN\u00c7A \u2013 SOBRE O PA\u00cdS \u201cS\u00f3 se v\u00ea bem com o cora\u00e7\u00e3o. O essencial \u00e9 invis\u00edvel aos olhos\u201d. Antoine de [&hellip;]<\/p>\n","protected":false},"author":1,"featured_media":2153,"comment_status":"open","ping_status":"open","sticky":false,"template":"","format":"standard","meta":[],"categories":[78,346,17],"tags":[134,129,349,348,353,352,351,347,350,297,296],"yoast_head":"<!-- This site is optimized with the Yoast SEO plugin v19.2 - https:\/\/yoast.com\/wordpress\/plugins\/seo\/ -->\n<title>Interc\u00e2mbio na Fran\u00e7a - O guia pela cidade rom\u00e2ntica - Roda Mundo<\/title>\n<meta name=\"description\" content=\"Interc\u00e2mbio na Fran\u00e7a. Charmosa, rom\u00e2ntica e elegante. A Fran\u00e7a \u00e9 o destino com muita hist\u00f3ria e cultura. A\u00a0Roda Mundo\u00a0vai te mostrar tudo!\" \/>\n<meta name=\"robots\" content=\"index, follow, max-snippet:-1, max-image-preview:large, max-video-preview:-1\" \/>\n<link rel=\"canonical\" href=\"https:\/\/www.rodamundo.tur.br\/blog\/intercambio-na-franca\/\" \/>\n<meta property=\"og:locale\" content=\"pt_BR\" \/>\n<meta property=\"og:type\" content=\"article\" \/>\n<meta property=\"og:title\" content=\"Interc\u00e2mbio na Fran\u00e7a - O guia pela cidade rom\u00e2ntica - Roda Mundo\" \/>\n<meta property=\"og:description\" content=\"Interc\u00e2mbio na Fran\u00e7a. Charmosa, rom\u00e2ntica e elegante. A Fran\u00e7a \u00e9 o destino com muita hist\u00f3ria e cultura. A\u00a0Roda Mundo\u00a0vai te mostrar tudo!\" \/>\n<meta property=\"og:url\" content=\"https:\/\/www.rodamundo.tur.br\/blog\/intercambio-na-franca\/\" \/>\n<meta property=\"og:site_name\" content=\"Roda Mundo\" \/>\n<meta property=\"article:published_time\" content=\"2017-07-24T19:30:28+00:00\" \/>\n<meta property=\"article:modified_time\" content=\"2017-11-24T17:15:27+00:00\" \/>\n<meta property=\"og:image\" content=\"https:\/\/www.rodamundo.tur.br\/blog\/wp-content\/uploads\/2017\/07\/Interc\u00e2mbio-na-Fran\u00e7a-Roda-Mundo.jpg\" \/>\n\t<meta property=\"og:image:width\" content=\"969\" \/>\n\t<meta property=\"og:image:height\" content=\"635\" \/>\n\t<meta property=\"og:image:type\" content=\"image\/jpeg\" \/>\n<meta name=\"author\" content=\"Roda Mundo\" \/>\n<meta name=\"twitter:card\" content=\"summary\" \/>\n<meta name=\"twitter:label1\" content=\"Escrito por\" \/>\n\t<meta name=\"twitter:data1\" content=\"Roda Mundo\" \/>\n\t<meta name=\"twitter:label2\" content=\"Est. tempo de leitura\" \/>\n\t<meta name=\"twitter:data2\" content=\"16 minutos\" \/>\n<script type=\"application\/ld+json\" class=\"yoast-schema-graph\">{\"@context\":\"https:\/\/schema.org\",\"@graph\":[{\"@type\":\"WebSite\",\"@id\":\"https:\/\/www.rodamundo.tur.br\/blog\/#website\",\"url\":\"https:\/\/www.rodamundo.tur.br\/blog\/\",\"name\":\"Roda Mundo\",\"description\":\"Operadora de Interc\u00e2mbio e Viagens\",\"potentialAction\":[{\"@type\":\"SearchAction\",\"target\":{\"@type\":\"EntryPoint\",\"urlTemplate\":\"https:\/\/www.rodamundo.tur.br\/blog\/?s={search_term_string}\"},\"query-input\":\"required name=search_term_string\"}],\"inLanguage\":\"pt-BR\"},{\"@type\":\"ImageObject\",\"inLanguage\":\"pt-BR\",\"@id\":\"https:\/\/www.rodamundo.tur.br\/blog\/intercambio-na-franca\/#primaryimage\",\"url\":\"https:\/\/www.rodamundo.tur.br\/blog\/wp-content\/uploads\/2017\/07\/Interc\u00e2mbio-na-Fran\u00e7a-Roda-Mundo.jpg\",\"contentUrl\":\"https:\/\/www.rodamundo.tur.br\/blog\/wp-content\/uploads\/2017\/07\/Interc\u00e2mbio-na-Fran\u00e7a-Roda-Mundo.jpg\",\"width\":969,\"height\":635,\"caption\":\"Interc\u00e2mbio-na-Fran\u00e7a-Roda-Mundo\"},{\"@type\":\"WebPage\",\"@id\":\"https:\/\/www.rodamundo.tur.br\/blog\/intercambio-na-franca\/#webpage\",\"url\":\"https:\/\/www.rodamundo.tur.br\/blog\/intercambio-na-franca\/\",\"name\":\"Interc\u00e2mbio na Fran\u00e7a - O guia pela cidade rom\u00e2ntica - Roda Mundo\",\"isPartOf\":{\"@id\":\"https:\/\/www.rodamundo.tur.br\/blog\/#website\"},\"primaryImageOfPage\":{\"@id\":\"https:\/\/www.rodamundo.tur.br\/blog\/intercambio-na-franca\/#primaryimage\"},\"datePublished\":\"2017-07-24T19:30:28+00:00\",\"dateModified\":\"2017-11-24T17:15:27+00:00\",\"author\":{\"@id\":\"https:\/\/www.rodamundo.tur.br\/blog\/#\/schema\/person\/87c288a1d9b04ee0a2ea2696554db958\"},\"description\":\"Interc\u00e2mbio na Fran\u00e7a. Charmosa, rom\u00e2ntica e elegante. A Fran\u00e7a \u00e9 o destino com muita hist\u00f3ria e cultura. A\u00a0Roda Mundo\u00a0vai te mostrar tudo!\",\"breadcrumb\":{\"@id\":\"https:\/\/www.rodamundo.tur.br\/blog\/intercambio-na-franca\/#breadcrumb\"},\"inLanguage\":\"pt-BR\",\"potentialAction\":[{\"@type\":\"ReadAction\",\"target\":[\"https:\/\/www.rodamundo.tur.br\/blog\/intercambio-na-franca\/\"]}]},{\"@type\":\"BreadcrumbList\",\"@id\":\"https:\/\/www.rodamundo.tur.br\/blog\/intercambio-na-franca\/#breadcrumb\",\"itemListElement\":[{\"@type\":\"ListItem\",\"position\":1,\"name\":\"Home\",\"item\":\"https:\/\/www.rodamundo.tur.br\/blog\/\"},{\"@type\":\"ListItem\",\"position\":2,\"name\":\"INTERC\u00c2MBIO NA FRAN\u00c7A O GUIA PELO PA\u00cdS ROM\u00c2NTICO\"}]},{\"@type\":\"Person\",\"@id\":\"https:\/\/www.rodamundo.tur.br\/blog\/#\/schema\/person\/87c288a1d9b04ee0a2ea2696554db958\",\"name\":\"Roda Mundo\",\"image\":{\"@type\":\"ImageObject\",\"inLanguage\":\"pt-BR\",\"@id\":\"https:\/\/www.rodamundo.tur.br\/blog\/#\/schema\/person\/image\/\",\"url\":\"https:\/\/secure.gravatar.com\/avatar\/4089cc054dfae87bd342769577008451?s=96&d=mm&r=g\",\"contentUrl\":\"https:\/\/secure.gravatar.com\/avatar\/4089cc054dfae87bd342769577008451?s=96&d=mm&r=g\",\"caption\":\"Roda Mundo\"},\"sameAs\":[\"https:\/\/www.rodamundo.tur.br\"],\"url\":\"https:\/\/www.rodamundo.tur.br\/blog\/author\/admin\/\"}]}<\/script>\n<!-- \/ Yoast SEO plugin. -->","yoast_head_json":{"title":"Interc\u00e2mbio na Fran\u00e7a - O guia pela cidade rom\u00e2ntica - Roda Mundo","description":"Interc\u00e2mbio na Fran\u00e7a. Charmosa, rom\u00e2ntica e elegante. A Fran\u00e7a \u00e9 o destino com muita hist\u00f3ria e cultura. A\u00a0Roda Mundo\u00a0vai te mostrar tudo!","robots":{"index":"index","follow":"follow","max-snippet":"max-snippet:-1","max-image-preview":"max-image-preview:large","max-video-preview":"max-video-preview:-1"},"canonical":"https:\/\/www.rodamundo.tur.br\/blog\/intercambio-na-franca\/","og_locale":"pt_BR","og_type":"article","og_title":"Interc\u00e2mbio na Fran\u00e7a - O guia pela cidade rom\u00e2ntica - Roda Mundo","og_description":"Interc\u00e2mbio na Fran\u00e7a. Charmosa, rom\u00e2ntica e elegante. A Fran\u00e7a \u00e9 o destino com muita hist\u00f3ria e cultura. A\u00a0Roda Mundo\u00a0vai te mostrar tudo!","og_url":"https:\/\/www.rodamundo.tur.br\/blog\/intercambio-na-franca\/","og_site_name":"Roda Mundo","article_published_time":"2017-07-24T19:30:28+00:00","article_modified_time":"2017-11-24T17:15:27+00:00","og_image":[{"width":969,"height":635,"url":"https:\/\/www.rodamundo.tur.br\/blog\/wp-content\/uploads\/2017\/07\/Interc\u00e2mbio-na-Fran\u00e7a-Roda-Mundo.jpg","type":"image\/jpeg"}],"author":"Roda Mundo","twitter_card":"summary","twitter_misc":{"Escrito por":"Roda Mundo","Est. tempo de leitura":"16 minutos"},"schema":{"@context":"https:\/\/schema.org","@graph":[{"@type":"WebSite","@id":"https:\/\/www.rodamundo.tur.br\/blog\/#website","url":"https:\/\/www.rodamundo.tur.br\/blog\/","name":"Roda Mundo","description":"Operadora de Interc\u00e2mbio e Viagens","potentialAction":[{"@type":"SearchAction","target":{"@type":"EntryPoint","urlTemplate":"https:\/\/www.rodamundo.tur.br\/blog\/?s={search_term_string}"},"query-input":"required name=search_term_string"}],"inLanguage":"pt-BR"},{"@type":"ImageObject","inLanguage":"pt-BR","@id":"https:\/\/www.rodamundo.tur.br\/blog\/intercambio-na-franca\/#primaryimage","url":"https:\/\/www.rodamundo.tur.br\/blog\/wp-content\/uploads\/2017\/07\/Interc\u00e2mbio-na-Fran\u00e7a-Roda-Mundo.jpg","contentUrl":"https:\/\/www.rodamundo.tur.br\/blog\/wp-content\/uploads\/2017\/07\/Interc\u00e2mbio-na-Fran\u00e7a-Roda-Mundo.jpg","width":969,"height":635,"caption":"Interc\u00e2mbio-na-Fran\u00e7a-Roda-Mundo"},{"@type":"WebPage","@id":"https:\/\/www.rodamundo.tur.br\/blog\/intercambio-na-franca\/#webpage","url":"https:\/\/www.rodamundo.tur.br\/blog\/intercambio-na-franca\/","name":"Interc\u00e2mbio na Fran\u00e7a - O guia pela cidade rom\u00e2ntica - Roda Mundo","isPartOf":{"@id":"https:\/\/www.rodamundo.tur.br\/blog\/#website"},"primaryImageOfPage":{"@id":"https:\/\/www.rodamundo.tur.br\/blog\/intercambio-na-franca\/#primaryimage"},"datePublished":"2017-07-24T19:30:28+00:00","dateModified":"2017-11-24T17:15:27+00:00","author":{"@id":"https:\/\/www.rodamundo.tur.br\/blog\/#\/schema\/person\/87c288a1d9b04ee0a2ea2696554db958"},"description":"Interc\u00e2mbio na Fran\u00e7a. Charmosa, rom\u00e2ntica e elegante. A Fran\u00e7a \u00e9 o destino com muita hist\u00f3ria e cultura. A\u00a0Roda Mundo\u00a0vai te mostrar tudo!","breadcrumb":{"@id":"https:\/\/www.rodamundo.tur.br\/blog\/intercambio-na-franca\/#breadcrumb"},"inLanguage":"pt-BR","potentialAction":[{"@type":"ReadAction","target":["https:\/\/www.rodamundo.tur.br\/blog\/intercambio-na-franca\/"]}]},{"@type":"BreadcrumbList","@id":"https:\/\/www.rodamundo.tur.br\/blog\/intercambio-na-franca\/#breadcrumb","itemListElement":[{"@type":"ListItem","position":1,"name":"Home","item":"https:\/\/www.rodamundo.tur.br\/blog\/"},{"@type":"ListItem","position":2,"name":"INTERC\u00c2MBIO NA FRAN\u00c7A O GUIA PELO PA\u00cdS ROM\u00c2NTICO"}]},{"@type":"Person","@id":"https:\/\/www.rodamundo.tur.br\/blog\/#\/schema\/person\/87c288a1d9b04ee0a2ea2696554db958","name":"Roda Mundo","image":{"@type":"ImageObject","inLanguage":"pt-BR","@id":"https:\/\/www.rodamundo.tur.br\/blog\/#\/schema\/person\/image\/","url":"https:\/\/secure.gravatar.com\/avatar\/4089cc054dfae87bd342769577008451?s=96&d=mm&r=g","contentUrl":"https:\/\/secure.gravatar.com\/avatar\/4089cc054dfae87bd342769577008451?s=96&d=mm&r=g","caption":"Roda Mundo"},"sameAs":["https:\/\/www.rodamundo.tur.br"],"url":"https:\/\/www.rodamundo.tur.br\/blog\/author\/admin\/"}]}},"_links":{"self":[{"href":"https:\/\/www.rodamundo.tur.br\/blog\/wp-json\/wp\/v2\/posts\/2152"}],"collection":[{"href":"https:\/\/www.rodamundo.tur.br\/blog\/wp-json\/wp\/v2\/posts"}],"about":[{"href":"https:\/\/www.rodamundo.tur.br\/blog\/wp-json\/wp\/v2\/types\/post"}],"author":[{"embeddable":true,"href":"https:\/\/www.rodamundo.tur.br\/blog\/wp-json\/wp\/v2\/users\/1"}],"replies":[{"embeddable":true,"href":"https:\/\/www.rodamundo.tur.br\/blog\/wp-json\/wp\/v2\/comments?post=2152"}],"version-history":[{"count":8,"href":"https:\/\/www.rodamundo.tur.br\/blog\/wp-json\/wp\/v2\/posts\/2152\/revisions"}],"predecessor-version":[{"id":3331,"href":"https:\/\/www.rodamundo.tur.br\/blog\/wp-json\/wp\/v2\/posts\/2152\/revisions\/3331"}],"wp:featuredmedia":[{"embeddable":true,"href":"https:\/\/www.rodamundo.tur.br\/blog\/wp-json\/wp\/v2\/media\/2153"}],"wp:attachment":[{"href":"https:\/\/www.rodamundo.tur.br\/blog\/wp-json\/wp\/v2\/media?parent=2152"}],"wp:term":[{"taxonomy":"category","embeddable":true,"href":"https:\/\/www.rodamundo.tur.br\/blog\/wp-json\/wp\/v2\/categories?post=2152"},{"taxonomy":"post_tag","embeddable":true,"href":"https:\/\/www.rodamundo.tur.br\/blog\/wp-json\/wp\/v2\/tags?post=2152"}],"curies":[{"name":"wp","href":"https:\/\/api.w.org\/{rel}","templated":true}]}}