{"id":1892,"date":"2017-07-11T12:00:45","date_gmt":"2017-07-11T15:00:45","guid":{"rendered":"https:\/\/www.rodamundo.tur.br\/blog\/?p=1892"},"modified":"2017-07-11T21:54:00","modified_gmt":"2017-07-12T00:54:00","slug":"intercambio-no-canada-roda-mundo","status":"publish","type":"post","link":"https:\/\/www.rodamundo.tur.br\/blog\/intercambio-no-canada-roda-mundo\/","title":{"rendered":"TE CONTO COMO FOI! <br> Estudante Andreza Alves <br>Interc\u00e2mbio no Canad\u00e1 escola ILSC Toronto"},"content":{"rendered":"<p>Leia abaixo o depoimento da Andreza, que foi fazer <strong>interc\u00e2mbio no Canad\u00e1<\/strong> junto com a <strong>Roda Mundo<\/strong> e conheceu uma pessoa muito especial.<\/p>\n<p>\u201c\u00c9 com muito\u00a0prazer\u00a0que\u00a0venho\u00a0dar meu depoimento sobre a minha experi\u00eancia de <strong>interc\u00e2mbio no Canad\u00e1<\/strong> em 2014. Primeiramente, venho agradecer a <strong>Roda Mundo<\/strong> por todo suporte, antes, durante e p\u00f3s-interc\u00e2mbio.<\/p>\n<p>A <strong>Roda Mundo <\/strong>\u00e9 uma empresa s\u00e9ria que nos atende com todo profissionalismo e excelente qualidade no servi\u00e7o. Em 6 de mar\u00e7o de 2014, eu sai de S\u00e3o Paulo para um grande passo na minha vida. Cheguei a Toronto no dia 7 de mar\u00e7o, com uma temperatura de aproximadamente \u2013 28\u00b0C graus. Isso era em uma sexta feira, cinza e fria.<\/p>\n<figure id=\"attachment_1894\" aria-describedby=\"caption-attachment-1894\" style=\"width: 720px\" class=\"wp-caption aligncenter\"><img loading=\"lazy\" class=\" td-modal-image wp-image-1894 size-full\" src=\"https:\/\/www.rodamundo.tur.br\/blog\/wp-content\/uploads\/2017\/07\/Interc\u00e2mbio-no-Canada-Roda-Mundo-Interc\u00e2mbio.jpg\" alt=\"Interc\u00e2mbio-no-Canada-Roda-Mundo-Interc\u00e2mbio\" width=\"720\" height=\"960\" srcset=\"https:\/\/www.rodamundo.tur.br\/blog\/wp-content\/uploads\/2017\/07\/Interc\u00e2mbio-no-Canada-Roda-Mundo-Interc\u00e2mbio.jpg 720w, https:\/\/www.rodamundo.tur.br\/blog\/wp-content\/uploads\/2017\/07\/Interc\u00e2mbio-no-Canada-Roda-Mundo-Interc\u00e2mbio-225x300.jpg 225w, https:\/\/www.rodamundo.tur.br\/blog\/wp-content\/uploads\/2017\/07\/Interc\u00e2mbio-no-Canada-Roda-Mundo-Interc\u00e2mbio-696x928.jpg 696w, https:\/\/www.rodamundo.tur.br\/blog\/wp-content\/uploads\/2017\/07\/Interc\u00e2mbio-no-Canada-Roda-Mundo-Interc\u00e2mbio-315x420.jpg 315w\" sizes=\"(max-width: 720px) 100vw, 720px\" \/><figcaption id=\"caption-attachment-1894\" class=\"wp-caption-text\">Interc\u00e2mbio-no-Canada-Roda-Mundo-Interc\u00e2mbio<\/figcaption><\/figure>\n<h2><strong>Escola ILSC &#8211; Interc\u00e2mbio no Canad\u00e1<\/strong><\/h2>\n<p>No dia 10, mais um grande desafio come\u00e7ou, o primeiro dia de aula na <strong>escola ILSC<\/strong>. Uma excelente escola recomendada pela<strong> Roda Mundo<\/strong>, tanto no aspecto da qualidade de ensino como tamb\u00e9m na conviv\u00eancia com alunos de outros pa\u00edses. Claro que sempre tem muitos brasileiros (risos).<\/p>\n<figure id=\"attachment_1896\" aria-describedby=\"caption-attachment-1896\" style=\"width: 704px\" class=\"wp-caption aligncenter\"><img loading=\"lazy\" class=\" td-modal-image wp-image-1896 size-full\" src=\"https:\/\/www.rodamundo.tur.br\/blog\/wp-content\/uploads\/2017\/07\/Interc\u00e2mbio-Toronto-Canada.jpg\" alt=\"Interc\u00e2mbio-Toronto-Canada\" width=\"704\" height=\"960\" srcset=\"https:\/\/www.rodamundo.tur.br\/blog\/wp-content\/uploads\/2017\/07\/Interc\u00e2mbio-Toronto-Canada.jpg 704w, https:\/\/www.rodamundo.tur.br\/blog\/wp-content\/uploads\/2017\/07\/Interc\u00e2mbio-Toronto-Canada-220x300.jpg 220w, https:\/\/www.rodamundo.tur.br\/blog\/wp-content\/uploads\/2017\/07\/Interc\u00e2mbio-Toronto-Canada-696x949.jpg 696w, https:\/\/www.rodamundo.tur.br\/blog\/wp-content\/uploads\/2017\/07\/Interc\u00e2mbio-Toronto-Canada-308x420.jpg 308w\" sizes=\"(max-width: 704px) 100vw, 704px\" \/><figcaption id=\"caption-attachment-1896\" class=\"wp-caption-text\">Interc\u00e2mbio-Toronto-Canada<\/figcaption><\/figure>\n<blockquote><p><strong>Toronto \u00e9 uma cidade m\u00e1gica. Alguns dizem que \u00e9 grande como S\u00e3o Paulo, mas n\u00e3o \u00e9. N\u00e3o devemos comparar, h\u00e1 muita coisa diferente aqui. A rotina foi um desafio e com muita divers\u00e3o, claro.<\/strong><\/p><\/blockquote>\n<figure id=\"attachment_1895\" aria-describedby=\"caption-attachment-1895\" style=\"width: 720px\" class=\"wp-caption aligncenter\"><img loading=\"lazy\" class=\" td-modal-image wp-image-1895 size-full\" src=\"https:\/\/www.rodamundo.tur.br\/blog\/wp-content\/uploads\/2017\/07\/Interc\u00e2mbio-no-Canad\u00e1-Roda-Mundo.jpg\" alt=\"Interc\u00e2mbio-no-Canad\u00e1-Roda-Mundo\" width=\"720\" height=\"960\" srcset=\"https:\/\/www.rodamundo.tur.br\/blog\/wp-content\/uploads\/2017\/07\/Interc\u00e2mbio-no-Canad\u00e1-Roda-Mundo.jpg 720w, https:\/\/www.rodamundo.tur.br\/blog\/wp-content\/uploads\/2017\/07\/Interc\u00e2mbio-no-Canad\u00e1-Roda-Mundo-225x300.jpg 225w, https:\/\/www.rodamundo.tur.br\/blog\/wp-content\/uploads\/2017\/07\/Interc\u00e2mbio-no-Canad\u00e1-Roda-Mundo-696x928.jpg 696w, https:\/\/www.rodamundo.tur.br\/blog\/wp-content\/uploads\/2017\/07\/Interc\u00e2mbio-no-Canad\u00e1-Roda-Mundo-315x420.jpg 315w\" sizes=\"(max-width: 720px) 100vw, 720px\" \/><figcaption id=\"caption-attachment-1895\" class=\"wp-caption-text\">Interc\u00e2mbio-no-Canad\u00e1-Roda-Mundo<\/figcaption><\/figure>\n<p>Poderia escrever v\u00e1rias p\u00e1ginas sobre a minha experi\u00eancia no Canad\u00e1, mas isso ainda n\u00e3o chegou ao fim. Depois de um ano de curso eu continuei no pa\u00eds, conheci uma pessoa especial e hoje e meu esposo.<\/p>\n<p>Hoje, moro em Toronto, continuo aprendendo muito sobre a cultura do pa\u00eds e sobre essa cidade.<\/p>\n<p>Foi um presente de Deus para a minha vida viver dia a dia esta experi\u00eancia de vir fazer um interc\u00e2mbio no <strong>Canad\u00e1<\/strong>.<\/p>\n<p>Beijos, Andreza.&#8221;<\/p>\n<p>Se o seu sonho tamb\u00e9m \u00e9 fazer <strong>interc\u00e2mbio no Canad\u00e1<\/strong>, entre em <a href=\"https:\/\/www.rodamundo.tur.br\/fale-com-a-roda-mundo-intercambio\/\">contato <\/a>com a <strong>Roda Mundo\u00a0<\/strong>que n\u00f3s vamos te ajudar!<\/p>\n<h2><strong>VEJA TAMB\u00c9M:<\/strong><\/h2>\n<ul>\n<li>\n<h2 class=\"entry-title\"><strong><a href=\"https:\/\/www.rodamundo.tur.br\/blog\/promocoes-de-intercambio-10-anos-de-roda-mundo\/\">PROMO\u00c7\u00d5ES DE INTERC\u00c2MBIO\u00a010 ANOS DE RODA MUNDO INTERC\u00c2MBIO<\/a><\/strong><\/h2>\n<\/li>\n<li>\n<h2 class=\"entry-title\"><strong><a href=\"https:\/\/www.rodamundo.tur.br\/blog\/tipos-de-visto-para-o-canada-roda-mundo\/\">TIPOS DE VISTO PARA O CANAD\u00c1<\/a><\/strong><\/h2>\n<\/li>\n<li>\n<h2><strong><a href=\"https:\/\/www.rodamundo.tur.br\/estudar-e-trabalhar-no-canada\/\">ESTUDAR E TRABALHAR NO CANAD\u00c1<\/a><\/strong><\/h2>\n<\/li>\n<li>\n<h2 class=\"entry-title\"><strong><a href=\"https:\/\/www.rodamundo.tur.br\/blog\/intercambio-terceira-idade\/\">INTERC\u00c2MBIO TERCEIRA IDADE<\/a><\/strong><\/h2>\n<\/li>\n<\/ul>\n<p>&nbsp;<\/p>\n","protected":false},"excerpt":{"rendered":"<p>Leia abaixo o depoimento da Andreza, que foi fazer interc\u00e2mbio no Canad\u00e1 junto com a Roda Mundo e conheceu uma pessoa muito especial. \u201c\u00c9 com muito\u00a0prazer\u00a0que\u00a0venho\u00a0dar meu depoimento sobre a minha experi\u00eancia de interc\u00e2mbio no Canad\u00e1 em 2014. Primeiramente, venho agradecer a Roda Mundo por todo suporte, antes, durante e p\u00f3s-interc\u00e2mbio. A Roda Mundo \u00e9 [&hellip;]<\/p>\n","protected":false},"author":1,"featured_media":1893,"comment_status":"open","ping_status":"open","sticky":false,"template":"","format":"standard","meta":[],"categories":[81,78,2,10],"tags":[320,29,83,129,48,319,149,62,297,296,74],"yoast_head":"<!-- This site is optimized with the Yoast SEO plugin v19.2 - https:\/\/yoast.com\/wordpress\/plugins\/seo\/ -->\n<title>Te conto como foi! Interc\u00e2mbio no Canad\u00e1 - Roda Mundo Interc\u00e2mbio<\/title>\n<meta name=\"description\" content=\"Leia abaixo o depoimento da Andreza, que foi fazer interc\u00e2mbio no Canad\u00e1 junto com a Roda Mundo e conheceu uma pessoa muito especial.\" \/>\n<meta name=\"robots\" content=\"index, follow, max-snippet:-1, max-image-preview:large, max-video-preview:-1\" \/>\n<link rel=\"canonical\" href=\"https:\/\/www.rodamundo.tur.br\/blog\/intercambio-no-canada-roda-mundo\/\" \/>\n<meta property=\"og:locale\" content=\"pt_BR\" \/>\n<meta property=\"og:type\" content=\"article\" \/>\n<meta property=\"og:title\" content=\"Te conto como foi! Interc\u00e2mbio no Canad\u00e1 - Roda Mundo Interc\u00e2mbio\" \/>\n<meta property=\"og:description\" content=\"Leia abaixo o depoimento da Andreza, que foi fazer interc\u00e2mbio no Canad\u00e1 junto com a Roda Mundo e conheceu uma pessoa muito especial.\" \/>\n<meta property=\"og:url\" content=\"https:\/\/www.rodamundo.tur.br\/blog\/intercambio-no-canada-roda-mundo\/\" \/>\n<meta property=\"og:site_name\" content=\"Roda Mundo\" \/>\n<meta property=\"article:published_time\" content=\"2017-07-11T15:00:45+00:00\" \/>\n<meta property=\"article:modified_time\" content=\"2017-07-12T00:54:00+00:00\" \/>\n<meta property=\"og:image\" content=\"https:\/\/www.rodamundo.tur.br\/blog\/wp-content\/uploads\/2017\/07\/Interc\u00e2mbio-no-Canad\u00e1-1.jpg\" \/>\n\t<meta property=\"og:image:width\" content=\"960\" \/>\n\t<meta property=\"og:image:height\" content=\"720\" \/>\n\t<meta property=\"og:image:type\" content=\"image\/jpeg\" \/>\n<meta name=\"author\" content=\"Roda Mundo\" \/>\n<meta name=\"twitter:card\" content=\"summary\" \/>\n<meta name=\"twitter:label1\" content=\"Escrito por\" \/>\n\t<meta name=\"twitter:data1\" content=\"Roda Mundo\" \/>\n\t<meta name=\"twitter:label2\" content=\"Est. tempo de leitura\" \/>\n\t<meta name=\"twitter:data2\" content=\"2 minutos\" \/>\n<script type=\"application\/ld+json\" class=\"yoast-schema-graph\">{\"@context\":\"https:\/\/schema.org\",\"@graph\":[{\"@type\":\"WebSite\",\"@id\":\"https:\/\/www.rodamundo.tur.br\/blog\/#website\",\"url\":\"https:\/\/www.rodamundo.tur.br\/blog\/\",\"name\":\"Roda Mundo\",\"description\":\"Operadora de Interc\u00e2mbio e Viagens\",\"potentialAction\":[{\"@type\":\"SearchAction\",\"target\":{\"@type\":\"EntryPoint\",\"urlTemplate\":\"https:\/\/www.rodamundo.tur.br\/blog\/?s={search_term_string}\"},\"query-input\":\"required name=search_term_string\"}],\"inLanguage\":\"pt-BR\"},{\"@type\":\"ImageObject\",\"inLanguage\":\"pt-BR\",\"@id\":\"https:\/\/www.rodamundo.tur.br\/blog\/intercambio-no-canada-roda-mundo\/#primaryimage\",\"url\":\"https:\/\/www.rodamundo.tur.br\/blog\/wp-content\/uploads\/2017\/07\/Interc\u00e2mbio-no-Canad\u00e1-1.jpg\",\"contentUrl\":\"https:\/\/www.rodamundo.tur.br\/blog\/wp-content\/uploads\/2017\/07\/Interc\u00e2mbio-no-Canad\u00e1-1.jpg\",\"width\":960,\"height\":720,\"caption\":\"Interc\u00e2mbio-no-Canad\u00e1\"},{\"@type\":\"WebPage\",\"@id\":\"https:\/\/www.rodamundo.tur.br\/blog\/intercambio-no-canada-roda-mundo\/#webpage\",\"url\":\"https:\/\/www.rodamundo.tur.br\/blog\/intercambio-no-canada-roda-mundo\/\",\"name\":\"Te conto como foi! Interc\u00e2mbio no Canad\u00e1 - Roda Mundo Interc\u00e2mbio\",\"isPartOf\":{\"@id\":\"https:\/\/www.rodamundo.tur.br\/blog\/#website\"},\"primaryImageOfPage\":{\"@id\":\"https:\/\/www.rodamundo.tur.br\/blog\/intercambio-no-canada-roda-mundo\/#primaryimage\"},\"datePublished\":\"2017-07-11T15:00:45+00:00\",\"dateModified\":\"2017-07-12T00:54:00+00:00\",\"author\":{\"@id\":\"https:\/\/www.rodamundo.tur.br\/blog\/#\/schema\/person\/87c288a1d9b04ee0a2ea2696554db958\"},\"description\":\"Leia abaixo o depoimento da Andreza, que foi fazer interc\u00e2mbio no Canad\u00e1 junto com a Roda Mundo e conheceu uma pessoa muito especial.\",\"breadcrumb\":{\"@id\":\"https:\/\/www.rodamundo.tur.br\/blog\/intercambio-no-canada-roda-mundo\/#breadcrumb\"},\"inLanguage\":\"pt-BR\",\"potentialAction\":[{\"@type\":\"ReadAction\",\"target\":[\"https:\/\/www.rodamundo.tur.br\/blog\/intercambio-no-canada-roda-mundo\/\"]}]},{\"@type\":\"BreadcrumbList\",\"@id\":\"https:\/\/www.rodamundo.tur.br\/blog\/intercambio-no-canada-roda-mundo\/#breadcrumb\",\"itemListElement\":[{\"@type\":\"ListItem\",\"position\":1,\"name\":\"Home\",\"item\":\"https:\/\/www.rodamundo.tur.br\/blog\/\"},{\"@type\":\"ListItem\",\"position\":2,\"name\":\"TE CONTO COMO FOI! Estudante Andreza Alves Interc\u00e2mbio no Canad\u00e1 escola ILSC Toronto\"}]},{\"@type\":\"Person\",\"@id\":\"https:\/\/www.rodamundo.tur.br\/blog\/#\/schema\/person\/87c288a1d9b04ee0a2ea2696554db958\",\"name\":\"Roda Mundo\",\"image\":{\"@type\":\"ImageObject\",\"inLanguage\":\"pt-BR\",\"@id\":\"https:\/\/www.rodamundo.tur.br\/blog\/#\/schema\/person\/image\/\",\"url\":\"https:\/\/secure.gravatar.com\/avatar\/4089cc054dfae87bd342769577008451?s=96&d=mm&r=g\",\"contentUrl\":\"https:\/\/secure.gravatar.com\/avatar\/4089cc054dfae87bd342769577008451?s=96&d=mm&r=g\",\"caption\":\"Roda Mundo\"},\"sameAs\":[\"https:\/\/www.rodamundo.tur.br\"],\"url\":\"https:\/\/www.rodamundo.tur.br\/blog\/author\/admin\/\"}]}<\/script>\n<!-- \/ Yoast SEO plugin. -->","yoast_head_json":{"title":"Te conto como foi! Interc\u00e2mbio no Canad\u00e1 - Roda Mundo Interc\u00e2mbio","description":"Leia abaixo o depoimento da Andreza, que foi fazer interc\u00e2mbio no Canad\u00e1 junto com a Roda Mundo e conheceu uma pessoa muito especial.","robots":{"index":"index","follow":"follow","max-snippet":"max-snippet:-1","max-image-preview":"max-image-preview:large","max-video-preview":"max-video-preview:-1"},"canonical":"https:\/\/www.rodamundo.tur.br\/blog\/intercambio-no-canada-roda-mundo\/","og_locale":"pt_BR","og_type":"article","og_title":"Te conto como foi! Interc\u00e2mbio no Canad\u00e1 - Roda Mundo Interc\u00e2mbio","og_description":"Leia abaixo o depoimento da Andreza, que foi fazer interc\u00e2mbio no Canad\u00e1 junto com a Roda Mundo e conheceu uma pessoa muito especial.","og_url":"https:\/\/www.rodamundo.tur.br\/blog\/intercambio-no-canada-roda-mundo\/","og_site_name":"Roda Mundo","article_published_time":"2017-07-11T15:00:45+00:00","article_modified_time":"2017-07-12T00:54:00+00:00","og_image":[{"width":960,"height":720,"url":"https:\/\/www.rodamundo.tur.br\/blog\/wp-content\/uploads\/2017\/07\/Interc\u00e2mbio-no-Canad\u00e1-1.jpg","type":"image\/jpeg"}],"author":"Roda Mundo","twitter_card":"summary","twitter_misc":{"Escrito por":"Roda Mundo","Est. tempo de leitura":"2 minutos"},"schema":{"@context":"https:\/\/schema.org","@graph":[{"@type":"WebSite","@id":"https:\/\/www.rodamundo.tur.br\/blog\/#website","url":"https:\/\/www.rodamundo.tur.br\/blog\/","name":"Roda Mundo","description":"Operadora de Interc\u00e2mbio e Viagens","potentialAction":[{"@type":"SearchAction","target":{"@type":"EntryPoint","urlTemplate":"https:\/\/www.rodamundo.tur.br\/blog\/?s={search_term_string}"},"query-input":"required name=search_term_string"}],"inLanguage":"pt-BR"},{"@type":"ImageObject","inLanguage":"pt-BR","@id":"https:\/\/www.rodamundo.tur.br\/blog\/intercambio-no-canada-roda-mundo\/#primaryimage","url":"https:\/\/www.rodamundo.tur.br\/blog\/wp-content\/uploads\/2017\/07\/Interc\u00e2mbio-no-Canad\u00e1-1.jpg","contentUrl":"https:\/\/www.rodamundo.tur.br\/blog\/wp-content\/uploads\/2017\/07\/Interc\u00e2mbio-no-Canad\u00e1-1.jpg","width":960,"height":720,"caption":"Interc\u00e2mbio-no-Canad\u00e1"},{"@type":"WebPage","@id":"https:\/\/www.rodamundo.tur.br\/blog\/intercambio-no-canada-roda-mundo\/#webpage","url":"https:\/\/www.rodamundo.tur.br\/blog\/intercambio-no-canada-roda-mundo\/","name":"Te conto como foi! Interc\u00e2mbio no Canad\u00e1 - Roda Mundo Interc\u00e2mbio","isPartOf":{"@id":"https:\/\/www.rodamundo.tur.br\/blog\/#website"},"primaryImageOfPage":{"@id":"https:\/\/www.rodamundo.tur.br\/blog\/intercambio-no-canada-roda-mundo\/#primaryimage"},"datePublished":"2017-07-11T15:00:45+00:00","dateModified":"2017-07-12T00:54:00+00:00","author":{"@id":"https:\/\/www.rodamundo.tur.br\/blog\/#\/schema\/person\/87c288a1d9b04ee0a2ea2696554db958"},"description":"Leia abaixo o depoimento da Andreza, que foi fazer interc\u00e2mbio no Canad\u00e1 junto com a Roda Mundo e conheceu uma pessoa muito especial.","breadcrumb":{"@id":"https:\/\/www.rodamundo.tur.br\/blog\/intercambio-no-canada-roda-mundo\/#breadcrumb"},"inLanguage":"pt-BR","potentialAction":[{"@type":"ReadAction","target":["https:\/\/www.rodamundo.tur.br\/blog\/intercambio-no-canada-roda-mundo\/"]}]},{"@type":"BreadcrumbList","@id":"https:\/\/www.rodamundo.tur.br\/blog\/intercambio-no-canada-roda-mundo\/#breadcrumb","itemListElement":[{"@type":"ListItem","position":1,"name":"Home","item":"https:\/\/www.rodamundo.tur.br\/blog\/"},{"@type":"ListItem","position":2,"name":"TE CONTO COMO FOI! Estudante Andreza Alves Interc\u00e2mbio no Canad\u00e1 escola ILSC Toronto"}]},{"@type":"Person","@id":"https:\/\/www.rodamundo.tur.br\/blog\/#\/schema\/person\/87c288a1d9b04ee0a2ea2696554db958","name":"Roda Mundo","image":{"@type":"ImageObject","inLanguage":"pt-BR","@id":"https:\/\/www.rodamundo.tur.br\/blog\/#\/schema\/person\/image\/","url":"https:\/\/secure.gravatar.com\/avatar\/4089cc054dfae87bd342769577008451?s=96&d=mm&r=g","contentUrl":"https:\/\/secure.gravatar.com\/avatar\/4089cc054dfae87bd342769577008451?s=96&d=mm&r=g","caption":"Roda Mundo"},"sameAs":["https:\/\/www.rodamundo.tur.br"],"url":"https:\/\/www.rodamundo.tur.br\/blog\/author\/admin\/"}]}},"_links":{"self":[{"href":"https:\/\/www.rodamundo.tur.br\/blog\/wp-json\/wp\/v2\/posts\/1892"}],"collection":[{"href":"https:\/\/www.rodamundo.tur.br\/blog\/wp-json\/wp\/v2\/posts"}],"about":[{"href":"https:\/\/www.rodamundo.tur.br\/blog\/wp-json\/wp\/v2\/types\/post"}],"author":[{"embeddable":true,"href":"https:\/\/www.rodamundo.tur.br\/blog\/wp-json\/wp\/v2\/users\/1"}],"replies":[{"embeddable":true,"href":"https:\/\/www.rodamundo.tur.br\/blog\/wp-json\/wp\/v2\/comments?post=1892"}],"version-history":[{"count":9,"href":"https:\/\/www.rodamundo.tur.br\/blog\/wp-json\/wp\/v2\/posts\/1892\/revisions"}],"predecessor-version":[{"id":2881,"href":"https:\/\/www.rodamundo.tur.br\/blog\/wp-json\/wp\/v2\/posts\/1892\/revisions\/2881"}],"wp:featuredmedia":[{"embeddable":true,"href":"https:\/\/www.rodamundo.tur.br\/blog\/wp-json\/wp\/v2\/media\/1893"}],"wp:attachment":[{"href":"https:\/\/www.rodamundo.tur.br\/blog\/wp-json\/wp\/v2\/media?parent=1892"}],"wp:term":[{"taxonomy":"category","embeddable":true,"href":"https:\/\/www.rodamundo.tur.br\/blog\/wp-json\/wp\/v2\/categories?post=1892"},{"taxonomy":"post_tag","embeddable":true,"href":"https:\/\/www.rodamundo.tur.br\/blog\/wp-json\/wp\/v2\/tags?post=1892"}],"curies":[{"name":"wp","href":"https:\/\/api.w.org\/{rel}","templated":true}]}}