{"id":1492,"date":"2017-05-13T12:00:35","date_gmt":"2017-05-13T15:00:35","guid":{"rendered":"https:\/\/www.rodamundo.tur.br\/blog\/?p=1492"},"modified":"2021-01-29T16:20:54","modified_gmt":"2021-01-29T19:20:54","slug":"te-conto-como-foi-trabalho-voluntario-na-namibia-vivian-carvalho","status":"publish","type":"post","link":"https:\/\/www.rodamundo.tur.br\/blog\/te-conto-como-foi-trabalho-voluntario-na-namibia-vivian-carvalho\/","title":{"rendered":"Te conto como foi! <br> Trabalho volunt\u00e1rio na Nam\u00edbia <br> Vivian Carvalho"},"content":{"rendered":"<p>Pensando em fazer um trabalho volunt\u00e1rio na \u00c1frica? Se sim, vale a pena conferir o depoimento da nossa volunt\u00e1ria Vivian que participou do projeto volunt\u00e1rio Wildlife Conservation na Nam\u00edbia.<\/p>\n<h2><strong>2 SEMANAS DE TRABALHO VOLUNT\u00c1RIO NA NAM\u00cdBIA<\/strong><\/h2>\n<p>&#8220;A experi\u00eancia que tive na <strong>Nam\u00edbia<\/strong> durante estas duas semanas foi diferente de tudo o que eu poderia imaginar.<\/p>\n<p><strong>Nam\u00edbia Wildlife Conservation<\/strong>\u00a0(N\/a&#8217;an ku s\u00ea) \u00e9 um projeto super especial, a come\u00e7ar pela sua localiza\u00e7\u00e3o &#8211; um lugar lindo, com paisagens fant\u00e1sticas, longe da civiliza\u00e7\u00e3o e repleto de muitos, muitos animais!<\/p>\n<p>\u00c9 um projeto s\u00e9rio, que visa preservar as esp\u00e9cies que se encontram em perigo de extin\u00e7\u00e3o e proteger tantas outras que acabam desfavorecidas nos diversos conflitos de conviv\u00eancia entre seres humanos e animais; h\u00e1 tamb\u00e9m toda uma aten\u00e7\u00e3o especial voltada para o povo nativo da Nam\u00edbia, os <strong>bushmen<\/strong>, numa tentativa de integr\u00e1-los \u00e0 sociedade e, ao mesmo tempo, preservar suas tradi\u00e7\u00f5es.&#8221;<\/p>\n<p><em><strong>Leia Mais:<\/strong><\/em> <a href=\"https:\/\/www.rodamundo.tur.br\/pacote\/projeto-voluntario-wildlife-conservation-na-namibia\/\" target=\"_blank\" rel=\"noopener noreferrer\"><strong>Conhe\u00e7a mais sobre o projeto volunt\u00e1rio que a Vivian participou<\/strong><\/a><\/p>\n<figure id=\"attachment_1494\" aria-describedby=\"caption-attachment-1494\" style=\"width: 3264px\" class=\"wp-caption alignnone\"><img loading=\"lazy\" class=\"size-full wp-image-1494\" src=\"https:\/\/www.rodamundo.tur.br\/blog\/wp-content\/uploads\/2017\/05\/nativos-namibia-roda-mundo-intercambio.jpg\" alt=\"Bushmen, nativos da Nam\u00edbia. Projeto volunt\u00e1rio na Nam\u00edbia \" width=\"3264\" height=\"2448\" srcset=\"https:\/\/www.rodamundo.tur.br\/blog\/wp-content\/uploads\/2017\/05\/nativos-namibia-roda-mundo-intercambio.jpg 3264w, https:\/\/www.rodamundo.tur.br\/blog\/wp-content\/uploads\/2017\/05\/nativos-namibia-roda-mundo-intercambio-300x225.jpg 300w, https:\/\/www.rodamundo.tur.br\/blog\/wp-content\/uploads\/2017\/05\/nativos-namibia-roda-mundo-intercambio-768x576.jpg 768w, https:\/\/www.rodamundo.tur.br\/blog\/wp-content\/uploads\/2017\/05\/nativos-namibia-roda-mundo-intercambio-1024x768.jpg 1024w, https:\/\/www.rodamundo.tur.br\/blog\/wp-content\/uploads\/2017\/05\/nativos-namibia-roda-mundo-intercambio-80x60.jpg 80w, https:\/\/www.rodamundo.tur.br\/blog\/wp-content\/uploads\/2017\/05\/nativos-namibia-roda-mundo-intercambio-265x198.jpg 265w, https:\/\/www.rodamundo.tur.br\/blog\/wp-content\/uploads\/2017\/05\/nativos-namibia-roda-mundo-intercambio-696x522.jpg 696w, https:\/\/www.rodamundo.tur.br\/blog\/wp-content\/uploads\/2017\/05\/nativos-namibia-roda-mundo-intercambio-1068x801.jpg 1068w, https:\/\/www.rodamundo.tur.br\/blog\/wp-content\/uploads\/2017\/05\/nativos-namibia-roda-mundo-intercambio-560x420.jpg 560w\" sizes=\"(max-width: 3264px) 100vw, 3264px\" \/><figcaption id=\"caption-attachment-1494\" class=\"wp-caption-text\">Bushmen<\/figcaption><\/figure>\n<h2><strong>COMO FOI MINHA EXPERI\u00caNCIA COMO VOLUNT\u00c1RIA NA NAM\u00cdBIA<\/strong><\/h2>\n<p>&#8220;As principais informa\u00e7\u00f5es do projeto nos s\u00e3o passadas j\u00e1 no primeiro dia, de forma bem did\u00e1tica. Mas a verdade \u00e9 que apenas na pr\u00e1tica temos a real no\u00e7\u00e3o de todo trabalho que \u00e9 realizado l\u00e1 e da import\u00e2ncia de cada atividade para a conserva\u00e7\u00e3o do santu\u00e1rio.<\/p>\n<p>Existem trabalhos mais pesados, como limpeza do recinto onde os animais ficam, outros mais voltados \u00e0 pesquisa, como os &#8220;game countings&#8221; e aqueles mais divertidos, como caminhar com os babu\u00ednos.<\/p>\n<p>Os volunt\u00e1rios s\u00e3o separados em grupos, e a divis\u00e3o das atividades \u00e9 feita de modo que todos possam participar de tudo. Os coordenadores s\u00e3o, em sua maioria, bastante sol\u00edcitos e est\u00e3o sempre prontos a nos auxiliar nas atividades e em outros contratempos.&#8221;<\/p>\n<figure id=\"attachment_1496\" aria-describedby=\"caption-attachment-1496\" style=\"width: 3264px\" class=\"wp-caption alignnone\"><img loading=\"lazy\" class=\"wp-image-1496 size-full\" src=\"https:\/\/www.rodamundo.tur.br\/blog\/wp-content\/uploads\/2017\/05\/safari-namibia-wildlife-and-community-roda-mundo-intercambio.jpg\" alt=\"Projeto volunt\u00e1rio na Nam\u00edbia\" width=\"3264\" height=\"2448\" srcset=\"https:\/\/www.rodamundo.tur.br\/blog\/wp-content\/uploads\/2017\/05\/safari-namibia-wildlife-and-community-roda-mundo-intercambio.jpg 3264w, https:\/\/www.rodamundo.tur.br\/blog\/wp-content\/uploads\/2017\/05\/safari-namibia-wildlife-and-community-roda-mundo-intercambio-300x225.jpg 300w, https:\/\/www.rodamundo.tur.br\/blog\/wp-content\/uploads\/2017\/05\/safari-namibia-wildlife-and-community-roda-mundo-intercambio-768x576.jpg 768w, https:\/\/www.rodamundo.tur.br\/blog\/wp-content\/uploads\/2017\/05\/safari-namibia-wildlife-and-community-roda-mundo-intercambio-1024x768.jpg 1024w, https:\/\/www.rodamundo.tur.br\/blog\/wp-content\/uploads\/2017\/05\/safari-namibia-wildlife-and-community-roda-mundo-intercambio-80x60.jpg 80w, https:\/\/www.rodamundo.tur.br\/blog\/wp-content\/uploads\/2017\/05\/safari-namibia-wildlife-and-community-roda-mundo-intercambio-265x198.jpg 265w, https:\/\/www.rodamundo.tur.br\/blog\/wp-content\/uploads\/2017\/05\/safari-namibia-wildlife-and-community-roda-mundo-intercambio-696x522.jpg 696w, https:\/\/www.rodamundo.tur.br\/blog\/wp-content\/uploads\/2017\/05\/safari-namibia-wildlife-and-community-roda-mundo-intercambio-1068x801.jpg 1068w, https:\/\/www.rodamundo.tur.br\/blog\/wp-content\/uploads\/2017\/05\/safari-namibia-wildlife-and-community-roda-mundo-intercambio-560x420.jpg 560w\" sizes=\"(max-width: 3264px) 100vw, 3264px\" \/><figcaption id=\"caption-attachment-1496\" class=\"wp-caption-text\">Os animais s\u00e3o presen\u00e7a constante no dia a dia dos volunt\u00e1rios<\/figcaption><\/figure>\n<p><strong><a href=\"https:\/\/api.whatsapp.com\/send?phone=5511982253300\" target=\"_blank\" rel=\"noreferrer noopener\">Clique AQUI e fale agora mesmo com um consultor especializado!<\/a><\/strong><\/p>\n<h2><strong>ATIVIDADES VOLUNT\u00c1RIAS COM ANIMAIS DA \u00c1FRICA<\/strong><\/h2>\n<p>&#8220;Eu, que sempre amei animais, fiquei encantada por estar sempre rodeada por eles e poder aprender, cada dia, alguma coisa nova. Minhas atividades preferidas foram aquelas envolvendo os babu\u00ednos, animais com que acabamos tendo mais intera\u00e7\u00e3o no projeto.<\/p>\n<p>Poder dormir com um filhote deles foi algo que nunca imaginei fazer na vida; caminhar com macaquinhos pendurados no seu ombro, abra\u00e7ados em voc\u00ea e at\u00e9 receber um &#8220;beijo&#8221; deles foi surreal! E claro, a imagem de zebras, girafas, avestruzes, javalis, oyrixes, correndo soltos pela reserva ficar\u00e1 pra sempre em minha mem\u00f3ria.&#8221;<\/p>\n<figure id=\"attachment_1497\" aria-describedby=\"caption-attachment-1497\" style=\"width: 708px\" class=\"wp-caption alignnone\"><img loading=\"lazy\" class=\"wp-image-1497 \" title=\"depoimento da nossa volunt\u00e1ria Vivian que participou do projeto volunt\u00e1rio na Nam\u00edbia\" src=\"https:\/\/www.rodamundo.tur.br\/blog\/wp-content\/uploads\/2017\/05\/vivian-e-babuino-namibia-wildlife-and-community-roda-mundi.jpg\" alt=\"Vivian segurando um babu\u00edno no colo. Trabalho volunt\u00e1rio na Nam\u00edbia\" width=\"708\" height=\"944\" srcset=\"https:\/\/www.rodamundo.tur.br\/blog\/wp-content\/uploads\/2017\/05\/vivian-e-babuino-namibia-wildlife-and-community-roda-mundi.jpg 2448w, https:\/\/www.rodamundo.tur.br\/blog\/wp-content\/uploads\/2017\/05\/vivian-e-babuino-namibia-wildlife-and-community-roda-mundi-225x300.jpg 225w, https:\/\/www.rodamundo.tur.br\/blog\/wp-content\/uploads\/2017\/05\/vivian-e-babuino-namibia-wildlife-and-community-roda-mundi-768x1024.jpg 768w, https:\/\/www.rodamundo.tur.br\/blog\/wp-content\/uploads\/2017\/05\/vivian-e-babuino-namibia-wildlife-and-community-roda-mundi-696x928.jpg 696w, https:\/\/www.rodamundo.tur.br\/blog\/wp-content\/uploads\/2017\/05\/vivian-e-babuino-namibia-wildlife-and-community-roda-mundi-1068x1424.jpg 1068w, https:\/\/www.rodamundo.tur.br\/blog\/wp-content\/uploads\/2017\/05\/vivian-e-babuino-namibia-wildlife-and-community-roda-mundi-315x420.jpg 315w\" sizes=\"(max-width: 708px) 100vw, 708px\" \/><figcaption id=\"caption-attachment-1497\" class=\"wp-caption-text\">&#8220;Minhas atividades preferidas foram aquelas envolvendo os babu\u00ednos, animais com que acabamos tendo mais intera\u00e7\u00e3o no projeto&#8221;<\/figcaption><\/figure>\n<h2><strong>DESAFIOS DE SER UMA VOLUNT\u00c1RIA NA \u00c1FRICA<\/strong><\/h2>\n<p>O maior desafio pra mim &#8211; muito positivo, contudo &#8211; foi seguir as instru\u00e7\u00f5es para as atividades do projeto em ingl\u00eas.<\/p>\n<p>Na verdade, pra quem n\u00e3o tem o ingl\u00eas como primeira l\u00edngua, vira um duplo desafio: as instru\u00e7\u00f5es, que as vezes s\u00e3o dadas em um ingl\u00eas falado muito r\u00e1pido e carregado de diferentes sotaques (j\u00e1 que os coordenadores tem diferentes nacionalidades) e a execu\u00e7\u00e3o das atividades em si, que j\u00e1 s\u00e3o bem diferentes.<\/p>\n<p>Naturalmente, com o tempo as dificuldades v\u00e3o diminuindo e as tarefas dadas em outra l\u00edngua passam a ser parte de nossa rotina.<\/p>\n<blockquote>\n<h2 style=\"text-align: center;\"><span style=\"color: #ffcc00;\"><strong>Fiz amizades, conheci pessoas do mundo inteiro, todas com um amor imenso pela vida e pela natureza, e sinto que voltei mais rica desta viagem.\u00a0<\/strong><\/span><\/h2>\n<\/blockquote>\n<figure id=\"attachment_1498\" aria-describedby=\"caption-attachment-1498\" style=\"width: 3264px\" class=\"wp-caption alignnone\"><img loading=\"lazy\" class=\"wp-image-1498 size-full\" src=\"https:\/\/www.rodamundo.tur.br\/blog\/wp-content\/uploads\/2017\/05\/Nam\u00edbia-Wildlife-and-Community-Roda-Mundo-Intercambio.jpg\" alt=\"Paisagem do Nam\u00edbia Wildlife &amp; Community. Projeto volunt\u00e1rio na Nam\u00edbia\" width=\"3264\" height=\"2448\" srcset=\"https:\/\/www.rodamundo.tur.br\/blog\/wp-content\/uploads\/2017\/05\/Nam\u00edbia-Wildlife-and-Community-Roda-Mundo-Intercambio.jpg 3264w, https:\/\/www.rodamundo.tur.br\/blog\/wp-content\/uploads\/2017\/05\/Nam\u00edbia-Wildlife-and-Community-Roda-Mundo-Intercambio-300x225.jpg 300w, https:\/\/www.rodamundo.tur.br\/blog\/wp-content\/uploads\/2017\/05\/Nam\u00edbia-Wildlife-and-Community-Roda-Mundo-Intercambio-768x576.jpg 768w, https:\/\/www.rodamundo.tur.br\/blog\/wp-content\/uploads\/2017\/05\/Nam\u00edbia-Wildlife-and-Community-Roda-Mundo-Intercambio-1024x768.jpg 1024w, https:\/\/www.rodamundo.tur.br\/blog\/wp-content\/uploads\/2017\/05\/Nam\u00edbia-Wildlife-and-Community-Roda-Mundo-Intercambio-80x60.jpg 80w, https:\/\/www.rodamundo.tur.br\/blog\/wp-content\/uploads\/2017\/05\/Nam\u00edbia-Wildlife-and-Community-Roda-Mundo-Intercambio-265x198.jpg 265w, https:\/\/www.rodamundo.tur.br\/blog\/wp-content\/uploads\/2017\/05\/Nam\u00edbia-Wildlife-and-Community-Roda-Mundo-Intercambio-696x522.jpg 696w, https:\/\/www.rodamundo.tur.br\/blog\/wp-content\/uploads\/2017\/05\/Nam\u00edbia-Wildlife-and-Community-Roda-Mundo-Intercambio-1068x801.jpg 1068w, https:\/\/www.rodamundo.tur.br\/blog\/wp-content\/uploads\/2017\/05\/Nam\u00edbia-Wildlife-and-Community-Roda-Mundo-Intercambio-560x420.jpg 560w\" sizes=\"(max-width: 3264px) 100vw, 3264px\" \/><figcaption id=\"caption-attachment-1498\" class=\"wp-caption-text\">Nam\u00edbia Wildlife &amp; Community<\/figcaption><\/figure>\n<h2><strong>TRABALHO VOLUNT\u00c1RIO ATRAV\u00c9S DA RODA MUNDO INTERC\u00c2MBIO<\/strong><\/h2>\n<p>&#8220;A <strong>Roda Mundo<\/strong> fez toda a diferen\u00e7a para que a realiza\u00e7\u00e3o deste sonho fosse poss\u00edvel. Sempre recebi muita aten\u00e7\u00e3o e r\u00e1pido retorno, mesmo quando ainda estava na fase de pesquisa dos projetos. T<\/p>\n<p>odas as d\u00favidas e questionamentos foram respondidos, todas as informa\u00e7\u00f5es foram fornecidas e me senti muita segura para fazer esta viagem. Gostaria de agradecer a Roberta, que sempre foi muito solicita e me prestou toda a assist\u00eancia necess\u00e1ria at\u00e9 a v\u00e9spera da viagem.<\/p>\n<h2 style=\"text-align: center;\"><span style=\"color: #ffcc00;\"><strong>O interc\u00e2mbio volunt\u00e1rio \u00e9 algo que todos deveriam experimentar um dia; vivemos em um mundo muito carente de ajuda e \u00e0s vezes o pouco que damos faz uma grande diferen\u00e7a para aqueles que precisam.<\/strong><\/span><\/h2>\n<p>Um grande abra\u00e7o.<br \/>\nVivian&#8221;<\/p>\n<h3><strong>Gostou do depoimento da Vivian?<\/strong><\/h3>\n<p>Comece agora mesmo seu planejamento para fazer um interc\u00e2mbio volunt\u00e1rio na \u00c1frica.<\/p>\n<p>A Roda Mundo Interc\u00e2mbio, ag\u00eancia selo Belta, desde 2007 auxilia estudantes para ter experi\u00eancias culturais no exterior.<\/p>\n<p><strong><a href=\"https:\/\/api.whatsapp.com\/send?phone=5511982253300\" target=\"_blank\" rel=\"noreferrer noopener\">Clique AQUI e fale agora mesmo com um consultor especializado<\/a><\/strong><\/p>\n<p>Ou nos envie um e-mail para <strong>contato@rodamundo.tur.br<\/strong><\/p>\n<p>Fique por dentro das novidades de interc\u00e2mbio e <a href=\"https:\/\/www.instagram.com\/rodamundo\/\" target=\"_blank\" rel=\"noopener noreferrer\"><strong>siga a Roda Mundo no Instagram aqui<\/strong><\/a>.<\/p>\n<h2><strong>CONFIRA\u00a0TAMB\u00c9M:<\/strong><\/h2>\n<ul>\n<li>\n<h2><a href=\"https:\/\/www.rodamundo.tur.br\/trabalho-voluntario-no-exterior\/#\/africa-do-sul\" target=\"_blank\" rel=\"noopener noreferrer\"><span style=\"color: #ffcc00;\"><strong>Projetos Volunt\u00e1rios na \u00c1frica do Sul<\/strong><\/span><\/a><\/h2>\n<\/li>\n<li>\n<h2><a href=\"https:\/\/www.rodamundo.tur.br\/trabalho-voluntario-no-exterior\/#\/namibia\" target=\"_blank\" rel=\"noopener noreferrer\"><span style=\"color: #ffcc00;\"><strong>Projetos Volunt\u00e1rios na Nam\u00edbia<\/strong><\/span><\/a><\/h2>\n<\/li>\n<li>\n<h2><a href=\"https:\/\/www.rodamundo.tur.br\/estudar-e-trabalhar-no-exterior-legalmente\/\" target=\"_blank\" rel=\"noopener noreferrer\"><span style=\"color: #ffcc00;\"><strong>Estudar e Trabalhar no Exterior<\/strong><\/span><\/a><\/h2>\n<\/li>\n<\/ul>\n","protected":false},"excerpt":{"rendered":"<p>Pensando em fazer um trabalho volunt\u00e1rio na \u00c1frica? Se sim, vale a pena conferir o depoimento da nossa volunt\u00e1ria Vivian que participou do projeto volunt\u00e1rio Wildlife Conservation na Nam\u00edbia. 2 SEMANAS DE TRABALHO VOLUNT\u00c1RIO NA NAM\u00cdBIA &#8220;A experi\u00eancia que tive na Nam\u00edbia durante estas duas semanas foi diferente de tudo o que eu poderia imaginar. [&hellip;]<\/p>\n","protected":false},"author":1,"featured_media":1493,"comment_status":"open","ping_status":"open","sticky":false,"template":"","format":"standard","meta":[],"categories":[14,2,10,11],"tags":[268,266,59,267,262],"yoast_head":"<!-- This site is optimized with the Yoast SEO plugin v19.2 - https:\/\/yoast.com\/wordpress\/plugins\/seo\/ -->\n<title>Te conto como foi!  Trabalho volunt\u00e1rio na Nam\u00edbia  Vivian Carvalho<\/title>\n<meta name=\"description\" content=\"Neste post, nossa intercambista Vivian Carvalho nos conta como foi a experi\u00eancia dela com o trabalho volunt\u00e1rio na Nam\u00edbia. Confira!\" \/>\n<meta name=\"robots\" content=\"index, follow, max-snippet:-1, max-image-preview:large, max-video-preview:-1\" \/>\n<link rel=\"canonical\" href=\"https:\/\/www.rodamundo.tur.br\/blog\/te-conto-como-foi-trabalho-voluntario-na-namibia-vivian-carvalho\/\" \/>\n<meta property=\"og:locale\" content=\"pt_BR\" \/>\n<meta property=\"og:type\" content=\"article\" \/>\n<meta property=\"og:title\" content=\"Te conto como foi!  Trabalho volunt\u00e1rio na Nam\u00edbia  Vivian Carvalho\" \/>\n<meta property=\"og:description\" content=\"Neste post, nossa intercambista Vivian Carvalho nos conta como foi a experi\u00eancia dela com o trabalho volunt\u00e1rio na Nam\u00edbia. Confira!\" \/>\n<meta property=\"og:url\" content=\"https:\/\/www.rodamundo.tur.br\/blog\/te-conto-como-foi-trabalho-voluntario-na-namibia-vivian-carvalho\/\" \/>\n<meta property=\"og:site_name\" content=\"Roda Mundo\" \/>\n<meta property=\"article:published_time\" content=\"2017-05-13T15:00:35+00:00\" \/>\n<meta property=\"article:modified_time\" content=\"2021-01-29T19:20:54+00:00\" \/>\n<meta property=\"og:image\" content=\"https:\/\/www.rodamundo.tur.br\/blog\/wp-content\/uploads\/2017\/05\/with-friends-namibia-wildlife-and-community-roda-mundo-intercambio-1024x768.jpg\" \/>\n\t<meta property=\"og:image:width\" content=\"1024\" \/>\n\t<meta property=\"og:image:height\" content=\"768\" \/>\n\t<meta property=\"og:image:type\" content=\"image\/jpeg\" \/>\n<meta name=\"author\" content=\"Roda Mundo\" \/>\n<meta name=\"twitter:card\" content=\"summary\" \/>\n<meta name=\"twitter:label1\" content=\"Escrito por\" \/>\n\t<meta name=\"twitter:data1\" content=\"Roda Mundo\" \/>\n\t<meta name=\"twitter:label2\" content=\"Est. tempo de leitura\" \/>\n\t<meta name=\"twitter:data2\" content=\"4 minutos\" \/>\n<script type=\"application\/ld+json\" class=\"yoast-schema-graph\">{\"@context\":\"https:\/\/schema.org\",\"@graph\":[{\"@type\":\"WebSite\",\"@id\":\"https:\/\/www.rodamundo.tur.br\/blog\/#website\",\"url\":\"https:\/\/www.rodamundo.tur.br\/blog\/\",\"name\":\"Roda Mundo\",\"description\":\"Operadora de Interc\u00e2mbio e Viagens\",\"potentialAction\":[{\"@type\":\"SearchAction\",\"target\":{\"@type\":\"EntryPoint\",\"urlTemplate\":\"https:\/\/www.rodamundo.tur.br\/blog\/?s={search_term_string}\"},\"query-input\":\"required name=search_term_string\"}],\"inLanguage\":\"pt-BR\"},{\"@type\":\"ImageObject\",\"inLanguage\":\"pt-BR\",\"@id\":\"https:\/\/www.rodamundo.tur.br\/blog\/te-conto-como-foi-trabalho-voluntario-na-namibia-vivian-carvalho\/#primaryimage\",\"url\":\"https:\/\/www.rodamundo.tur.br\/blog\/wp-content\/uploads\/2017\/05\/with-friends-namibia-wildlife-and-community-roda-mundo-intercambio.jpg\",\"contentUrl\":\"https:\/\/www.rodamundo.tur.br\/blog\/wp-content\/uploads\/2017\/05\/with-friends-namibia-wildlife-and-community-roda-mundo-intercambio.jpg\",\"width\":\"3264\",\"height\":\"2448\",\"caption\":\"Amigos reunidos no Trabalho volunt\u00e1rio na Nam\u00edbia\"},{\"@type\":\"WebPage\",\"@id\":\"https:\/\/www.rodamundo.tur.br\/blog\/te-conto-como-foi-trabalho-voluntario-na-namibia-vivian-carvalho\/#webpage\",\"url\":\"https:\/\/www.rodamundo.tur.br\/blog\/te-conto-como-foi-trabalho-voluntario-na-namibia-vivian-carvalho\/\",\"name\":\"Te conto como foi! Trabalho volunt\u00e1rio na Nam\u00edbia Vivian Carvalho\",\"isPartOf\":{\"@id\":\"https:\/\/www.rodamundo.tur.br\/blog\/#website\"},\"primaryImageOfPage\":{\"@id\":\"https:\/\/www.rodamundo.tur.br\/blog\/te-conto-como-foi-trabalho-voluntario-na-namibia-vivian-carvalho\/#primaryimage\"},\"datePublished\":\"2017-05-13T15:00:35+00:00\",\"dateModified\":\"2021-01-29T19:20:54+00:00\",\"author\":{\"@id\":\"https:\/\/www.rodamundo.tur.br\/blog\/#\/schema\/person\/87c288a1d9b04ee0a2ea2696554db958\"},\"description\":\"Neste post, nossa intercambista Vivian Carvalho nos conta como foi a experi\u00eancia dela com o trabalho volunt\u00e1rio na Nam\u00edbia. Confira!\",\"breadcrumb\":{\"@id\":\"https:\/\/www.rodamundo.tur.br\/blog\/te-conto-como-foi-trabalho-voluntario-na-namibia-vivian-carvalho\/#breadcrumb\"},\"inLanguage\":\"pt-BR\",\"potentialAction\":[{\"@type\":\"ReadAction\",\"target\":[\"https:\/\/www.rodamundo.tur.br\/blog\/te-conto-como-foi-trabalho-voluntario-na-namibia-vivian-carvalho\/\"]}]},{\"@type\":\"BreadcrumbList\",\"@id\":\"https:\/\/www.rodamundo.tur.br\/blog\/te-conto-como-foi-trabalho-voluntario-na-namibia-vivian-carvalho\/#breadcrumb\",\"itemListElement\":[{\"@type\":\"ListItem\",\"position\":1,\"name\":\"Home\",\"item\":\"https:\/\/www.rodamundo.tur.br\/blog\/\"},{\"@type\":\"ListItem\",\"position\":2,\"name\":\"Te conto como foi! Trabalho volunt\u00e1rio na Nam\u00edbia Vivian Carvalho\"}]},{\"@type\":\"Person\",\"@id\":\"https:\/\/www.rodamundo.tur.br\/blog\/#\/schema\/person\/87c288a1d9b04ee0a2ea2696554db958\",\"name\":\"Roda Mundo\",\"image\":{\"@type\":\"ImageObject\",\"inLanguage\":\"pt-BR\",\"@id\":\"https:\/\/www.rodamundo.tur.br\/blog\/#\/schema\/person\/image\/\",\"url\":\"https:\/\/secure.gravatar.com\/avatar\/4089cc054dfae87bd342769577008451?s=96&d=mm&r=g\",\"contentUrl\":\"https:\/\/secure.gravatar.com\/avatar\/4089cc054dfae87bd342769577008451?s=96&d=mm&r=g\",\"caption\":\"Roda Mundo\"},\"sameAs\":[\"https:\/\/www.rodamundo.tur.br\"],\"url\":\"https:\/\/www.rodamundo.tur.br\/blog\/author\/admin\/\"}]}<\/script>\n<!-- \/ Yoast SEO plugin. -->","yoast_head_json":{"title":"Te conto como foi!  Trabalho volunt\u00e1rio na Nam\u00edbia  Vivian Carvalho","description":"Neste post, nossa intercambista Vivian Carvalho nos conta como foi a experi\u00eancia dela com o trabalho volunt\u00e1rio na Nam\u00edbia. Confira!","robots":{"index":"index","follow":"follow","max-snippet":"max-snippet:-1","max-image-preview":"max-image-preview:large","max-video-preview":"max-video-preview:-1"},"canonical":"https:\/\/www.rodamundo.tur.br\/blog\/te-conto-como-foi-trabalho-voluntario-na-namibia-vivian-carvalho\/","og_locale":"pt_BR","og_type":"article","og_title":"Te conto como foi!  Trabalho volunt\u00e1rio na Nam\u00edbia  Vivian Carvalho","og_description":"Neste post, nossa intercambista Vivian Carvalho nos conta como foi a experi\u00eancia dela com o trabalho volunt\u00e1rio na Nam\u00edbia. Confira!","og_url":"https:\/\/www.rodamundo.tur.br\/blog\/te-conto-como-foi-trabalho-voluntario-na-namibia-vivian-carvalho\/","og_site_name":"Roda Mundo","article_published_time":"2017-05-13T15:00:35+00:00","article_modified_time":"2021-01-29T19:20:54+00:00","og_image":[{"width":"1024","height":"768","url":"https:\/\/www.rodamundo.tur.br\/blog\/wp-content\/uploads\/2017\/05\/with-friends-namibia-wildlife-and-community-roda-mundo-intercambio-1024x768.jpg","type":"image\/jpeg"}],"author":"Roda Mundo","twitter_card":"summary","twitter_misc":{"Escrito por":"Roda Mundo","Est. tempo de leitura":"4 minutos"},"schema":{"@context":"https:\/\/schema.org","@graph":[{"@type":"WebSite","@id":"https:\/\/www.rodamundo.tur.br\/blog\/#website","url":"https:\/\/www.rodamundo.tur.br\/blog\/","name":"Roda Mundo","description":"Operadora de Interc\u00e2mbio e Viagens","potentialAction":[{"@type":"SearchAction","target":{"@type":"EntryPoint","urlTemplate":"https:\/\/www.rodamundo.tur.br\/blog\/?s={search_term_string}"},"query-input":"required name=search_term_string"}],"inLanguage":"pt-BR"},{"@type":"ImageObject","inLanguage":"pt-BR","@id":"https:\/\/www.rodamundo.tur.br\/blog\/te-conto-como-foi-trabalho-voluntario-na-namibia-vivian-carvalho\/#primaryimage","url":"https:\/\/www.rodamundo.tur.br\/blog\/wp-content\/uploads\/2017\/05\/with-friends-namibia-wildlife-and-community-roda-mundo-intercambio.jpg","contentUrl":"https:\/\/www.rodamundo.tur.br\/blog\/wp-content\/uploads\/2017\/05\/with-friends-namibia-wildlife-and-community-roda-mundo-intercambio.jpg","width":"3264","height":"2448","caption":"Amigos reunidos no Trabalho volunt\u00e1rio na Nam\u00edbia"},{"@type":"WebPage","@id":"https:\/\/www.rodamundo.tur.br\/blog\/te-conto-como-foi-trabalho-voluntario-na-namibia-vivian-carvalho\/#webpage","url":"https:\/\/www.rodamundo.tur.br\/blog\/te-conto-como-foi-trabalho-voluntario-na-namibia-vivian-carvalho\/","name":"Te conto como foi! Trabalho volunt\u00e1rio na Nam\u00edbia Vivian Carvalho","isPartOf":{"@id":"https:\/\/www.rodamundo.tur.br\/blog\/#website"},"primaryImageOfPage":{"@id":"https:\/\/www.rodamundo.tur.br\/blog\/te-conto-como-foi-trabalho-voluntario-na-namibia-vivian-carvalho\/#primaryimage"},"datePublished":"2017-05-13T15:00:35+00:00","dateModified":"2021-01-29T19:20:54+00:00","author":{"@id":"https:\/\/www.rodamundo.tur.br\/blog\/#\/schema\/person\/87c288a1d9b04ee0a2ea2696554db958"},"description":"Neste post, nossa intercambista Vivian Carvalho nos conta como foi a experi\u00eancia dela com o trabalho volunt\u00e1rio na Nam\u00edbia. Confira!","breadcrumb":{"@id":"https:\/\/www.rodamundo.tur.br\/blog\/te-conto-como-foi-trabalho-voluntario-na-namibia-vivian-carvalho\/#breadcrumb"},"inLanguage":"pt-BR","potentialAction":[{"@type":"ReadAction","target":["https:\/\/www.rodamundo.tur.br\/blog\/te-conto-como-foi-trabalho-voluntario-na-namibia-vivian-carvalho\/"]}]},{"@type":"BreadcrumbList","@id":"https:\/\/www.rodamundo.tur.br\/blog\/te-conto-como-foi-trabalho-voluntario-na-namibia-vivian-carvalho\/#breadcrumb","itemListElement":[{"@type":"ListItem","position":1,"name":"Home","item":"https:\/\/www.rodamundo.tur.br\/blog\/"},{"@type":"ListItem","position":2,"name":"Te conto como foi! Trabalho volunt\u00e1rio na Nam\u00edbia Vivian Carvalho"}]},{"@type":"Person","@id":"https:\/\/www.rodamundo.tur.br\/blog\/#\/schema\/person\/87c288a1d9b04ee0a2ea2696554db958","name":"Roda Mundo","image":{"@type":"ImageObject","inLanguage":"pt-BR","@id":"https:\/\/www.rodamundo.tur.br\/blog\/#\/schema\/person\/image\/","url":"https:\/\/secure.gravatar.com\/avatar\/4089cc054dfae87bd342769577008451?s=96&d=mm&r=g","contentUrl":"https:\/\/secure.gravatar.com\/avatar\/4089cc054dfae87bd342769577008451?s=96&d=mm&r=g","caption":"Roda Mundo"},"sameAs":["https:\/\/www.rodamundo.tur.br"],"url":"https:\/\/www.rodamundo.tur.br\/blog\/author\/admin\/"}]}},"_links":{"self":[{"href":"https:\/\/www.rodamundo.tur.br\/blog\/wp-json\/wp\/v2\/posts\/1492"}],"collection":[{"href":"https:\/\/www.rodamundo.tur.br\/blog\/wp-json\/wp\/v2\/posts"}],"about":[{"href":"https:\/\/www.rodamundo.tur.br\/blog\/wp-json\/wp\/v2\/types\/post"}],"author":[{"embeddable":true,"href":"https:\/\/www.rodamundo.tur.br\/blog\/wp-json\/wp\/v2\/users\/1"}],"replies":[{"embeddable":true,"href":"https:\/\/www.rodamundo.tur.br\/blog\/wp-json\/wp\/v2\/comments?post=1492"}],"version-history":[{"count":7,"href":"https:\/\/www.rodamundo.tur.br\/blog\/wp-json\/wp\/v2\/posts\/1492\/revisions"}],"predecessor-version":[{"id":6255,"href":"https:\/\/www.rodamundo.tur.br\/blog\/wp-json\/wp\/v2\/posts\/1492\/revisions\/6255"}],"wp:featuredmedia":[{"embeddable":true,"href":"https:\/\/www.rodamundo.tur.br\/blog\/wp-json\/wp\/v2\/media\/1493"}],"wp:attachment":[{"href":"https:\/\/www.rodamundo.tur.br\/blog\/wp-json\/wp\/v2\/media?parent=1492"}],"wp:term":[{"taxonomy":"category","embeddable":true,"href":"https:\/\/www.rodamundo.tur.br\/blog\/wp-json\/wp\/v2\/categories?post=1492"},{"taxonomy":"post_tag","embeddable":true,"href":"https:\/\/www.rodamundo.tur.br\/blog\/wp-json\/wp\/v2\/tags?post=1492"}],"curies":[{"name":"wp","href":"https:\/\/api.w.org\/{rel}","templated":true}]}}